{"id":1191,"date":"2014-01-24T11:48:22","date_gmt":"2014-01-24T09:48:22","guid":{"rendered":"https:\/\/blogi.eoppimispalvelut.fi\/aktiiviplus\/?p=1191"},"modified":"2014-01-24T11:48:36","modified_gmt":"2014-01-24T09:48:36","slug":"mika-on-aktiivi-tsekkaa-tama-video","status":"publish","type":"post","link":"https:\/\/blogi.eoppimispalvelut.fi\/aktiiviplus\/mika-on-aktiivi-tsekkaa-tama-video\/","title":{"rendered":"Mik\u00e4 on AKTIIVI? Tsekkaa t\u00e4m\u00e4 video!"},"content":{"rendered":"<p>AKTIIVI on tuottanut esittelyvideon tai oikeastaan animaation siit\u00e4 mit\u00e4 ESR-rahoitteisissa AKTIIVI Plus -koordinaatiohankkeessa sek\u00e4 Avoimissa oppimisymp\u00e4rist\u00f6iss\u00e4 aktiiviseksi kansalaiseksi -kehitt\u00e4misohjelman hankkeissa tehd\u00e4\u00e4n ja mit\u00e4 niill\u00e4 teemoilla tarkoitetaan, joita hankkeissa edistet\u00e4\u00e4n.<\/p>\n<p>P\u00e4\u00e4teemoja ovat siis verkostoituminen, avoimet oppimisymp\u00e4rist\u00f6t ja aktiivinen kansalaisuus. Animaatiossa n\u00e4it\u00e4 teemoja avataan ja syvennet\u00e4\u00e4n.<\/p>\n<p>Video l\u00f6ytyy Youtubesta <a href=\"http:\/\/www.youtube.com\/watch?v=tpA3mj4y3NQ\" target=\"_blank\">t\u00e4st\u00e4 linkist\u00e4 <\/a>ja sit\u00e4 saa mielell\u00e4\u00e4n jakaa!<\/p>\n<p><a href=\"https:\/\/blogi.eoppimispalvelut.fi\/aktiiviplus\/files\/2014\/01\/verkostopuu_videosta.jpg\"><img loading=\"lazy\" decoding=\"async\" class=\"alignleft  wp-image-1194\" alt=\"verkostopuu\" src=\"https:\/\/blogi.eoppimispalvelut.fi\/aktiiviplus\/files\/2014\/01\/verkostopuu_videosta-580x375.jpg\" width=\"244\" height=\"158\" srcset=\"https:\/\/blogi.eoppimispalvelut.fi\/aktiiviplus\/files\/2014\/01\/verkostopuu_videosta-580x375.jpg 580w, https:\/\/blogi.eoppimispalvelut.fi\/aktiiviplus\/files\/2014\/01\/verkostopuu_videosta.jpg 812w\" sizes=\"auto, (max-width: 244px) 100vw, 244px\" \/><\/a><\/p>\n","protected":false},"excerpt":{"rendered":"<p>AKTIIVI on tuottanut esittelyvideon tai oikeastaan animaation siit\u00e4 mit\u00e4 ESR-rahoitteisissa AKTIIVI Plus -koordinaatiohankkeessa sek\u00e4 Avoimissa oppimisymp\u00e4rist\u00f6iss\u00e4 aktiiviseksi kansalaiseksi -kehitt\u00e4misohjelman hankkeissa tehd\u00e4\u00e4n ja mit\u00e4 niill\u00e4 teemoilla tarkoitetaan, joita hankkeissa edistet\u00e4\u00e4n. P\u00e4\u00e4teemoja ovat siis verkostoituminen, avoimet oppimisymp\u00e4rist\u00f6t ja aktiivinen kansalaisuus. Animaatiossa n\u00e4it\u00e4 &hellip; <a href=\"https:\/\/blogi.eoppimispalvelut.fi\/aktiiviplus\/mika-on-aktiivi-tsekkaa-tama-video\/\">Continue reading <span class=\"meta-nav\">&rarr;<\/span><\/a><\/p>\n","protected":false},"author":6,"featured_media":0,"comment_status":"closed","ping_status":"closed","sticky":false,"template":"","format":"standard","meta":{"_monsterinsights_skip_tracking":false,"_monsterinsights_sitenote_active":false,"_monsterinsights_sitenote_note":"","_monsterinsights_sitenote_category":0,"footnotes":""},"categories":[54583,8743,54557],"tags":[],"class_list":["post-1191","post","type-post","status-publish","format-standard","hentry","category-aktiivisetajatukset","category-julkaisut","category-kehittamisteemat"],"_links":{"self":[{"href":"https:\/\/blogi.eoppimispalvelut.fi\/aktiiviplus\/wp-json\/wp\/v2\/posts\/1191","targetHints":{"allow":["GET"]}}],"collection":[{"href":"https:\/\/blogi.eoppimispalvelut.fi\/aktiiviplus\/wp-json\/wp\/v2\/posts"}],"about":[{"href":"https:\/\/blogi.eoppimispalvelut.fi\/aktiiviplus\/wp-json\/wp\/v2\/types\/post"}],"author":[{"embeddable":true,"href":"https:\/\/blogi.eoppimispalvelut.fi\/aktiiviplus\/wp-json\/wp\/v2\/users\/6"}],"replies":[{"embeddable":true,"href":"https:\/\/blogi.eoppimispalvelut.fi\/aktiiviplus\/wp-json\/wp\/v2\/comments?post=1191"}],"version-history":[{"count":4,"href":"https:\/\/blogi.eoppimispalvelut.fi\/aktiiviplus\/wp-json\/wp\/v2\/posts\/1191\/revisions"}],"predecessor-version":[{"id":1196,"href":"https:\/\/blogi.eoppimispalvelut.fi\/aktiiviplus\/wp-json\/wp\/v2\/posts\/1191\/revisions\/1196"}],"wp:attachment":[{"href":"https:\/\/blogi.eoppimispalvelut.fi\/aktiiviplus\/wp-json\/wp\/v2\/media?parent=1191"}],"wp:term":[{"taxonomy":"category","embeddable":true,"href":"https:\/\/blogi.eoppimispalvelut.fi\/aktiiviplus\/wp-json\/wp\/v2\/categories?post=1191"},{"taxonomy":"post_tag","embeddable":true,"href":"https:\/\/blogi.eoppimispalvelut.fi\/aktiiviplus\/wp-json\/wp\/v2\/tags?post=1191"}],"curies":[{"name":"wp","href":"https:\/\/api.w.org\/{rel}","templated":true}]}}