{"id":414,"date":"2013-04-30T10:00:48","date_gmt":"2013-04-30T07:00:48","guid":{"rendered":"https:\/\/blogi.eoppimispalvelut.fi\/aktiiviplus\/?p=414"},"modified":"2013-05-08T14:41:04","modified_gmt":"2013-05-08T11:41:04","slug":"facebook-kiireiltani-en-juurikaan-ehdi-kayttamaan-sosiaalista-mediaa","status":"publish","type":"post","link":"https:\/\/blogi.eoppimispalvelut.fi\/aktiiviplus\/facebook-kiireiltani-en-juurikaan-ehdi-kayttamaan-sosiaalista-mediaa\/","title":{"rendered":"&#8220;Facebook-kiireilt\u00e4ni en juurikaan ehdi k\u00e4ytt\u00e4m\u00e4\u00e4n sosiaalista mediaa&#8221;"},"content":{"rendered":"<p>Huhtikuun alkupuolella pidetyn ITK-konferenssin yhteydess\u00e4 j\u00e4rjestettiin perinteinen ITK-tutkijatapaaminen, jossa opetusteknologian k\u00e4ytt\u00f6\u00e4 oli l\u00e4hestetty erilaisista tutkimusn\u00e4k\u00f6kulmista. Vierailin mm. sessiossa, jossa tutkijat olivat tarkastelleet sosiaalisen median k\u00e4ytt\u00f6\u00e4 opettajakoulutettavien parissa. Keskusteluissa her\u00e4si mielenkiintoinen kysymys siit\u00e4, miten nuorempi sukupolvi (kuten nykyp\u00e4iv\u00e4n 15-25 vuotiaat) m\u00e4\u00e4rittelev\u00e4t uudet viestint\u00e4muodot, kuten vaikkapa yhteis\u00f6llisen median. Vai m\u00e4\u00e4rittelev\u00e4tk\u00f6 lainkaan?<!--more--><\/p>\n<p>Tutkimuksen haasteena voikin olla laveasti k\u00e4ytetty terminologia. Jos tiedonkeruuvaiheessa informanteilta vaikkapa kysyt\u00e4\u00e4n milloin ja miten k\u00e4yt\u00e4t sosiaalista mediaa oppimiseen, voi tuloksena olla varsin v\u00e4h\u00e4inen esiintyvyys, koska monet eiv\u00e4t miell\u00e4 k\u00e4ytt\u00e4mi\u00e4ns\u00e4 ty\u00f6kaluja osaksi sosiaalisen median k\u00e4yt\u00e4nt\u00f6j\u00e4. Ne saattavat olla k\u00e4ytt\u00e4j\u00e4lleen yht\u00e4 arkip\u00e4iv\u00e4isi\u00e4 ja vakiintuneita kuin puhelin, televisio tai piirtoheitin ovat v\u00e4h\u00e4n vanhemmalle ik\u00e4ryhm\u00e4lle. Tutkija l\u00e4hestyy asiaa helposti kategorisointien kautta ja tuntee tarvetta asettaa asiat lokeroihin.<\/p>\n<p>Yksi ratkaisu voisi olla oman toiminnan dokumentointi, keneen ollaan yhteydess\u00e4 ja millaisia asioita k\u00e4siteltiin jne. Vasta t\u00e4m\u00e4n j\u00e4lkeen tarkasteltaisiin ty\u00f6kalua (Facebook, Skype, Messenger tms.).\u00a0 Tutkija voi erilaisten indikaattoreiden kautta tehd\u00e4 itse tarvittavat luokittelut siit\u00e4, onko oppiminen tapahtunut yhteis\u00f6llisesti sosiaalisen median, perinteisten viestint\u00e4v\u00e4lineiden vai jonkin yhdistelm\u00e4n avulla.<\/p>\n","protected":false},"excerpt":{"rendered":"<p>Huhtikuun alkupuolella pidetyn ITK-konferenssin yhteydess\u00e4 j\u00e4rjestettiin perinteinen ITK-tutkijatapaaminen, jossa opetusteknologian k\u00e4ytt\u00f6\u00e4 oli l\u00e4hestetty erilaisista tutkimusn\u00e4k\u00f6kulmista. Vierailin mm. sessiossa, jossa tutkijat olivat tarkastelleet sosiaalisen median k\u00e4ytt\u00f6\u00e4 opettajakoulutettavien parissa. Keskusteluissa her\u00e4si mielenkiintoinen kysymys siit\u00e4, miten nuorempi sukupolvi (kuten nykyp\u00e4iv\u00e4n 15-25 vuotiaat) m\u00e4\u00e4rittelev\u00e4t &hellip; <a href=\"https:\/\/blogi.eoppimispalvelut.fi\/aktiiviplus\/facebook-kiireiltani-en-juurikaan-ehdi-kayttamaan-sosiaalista-mediaa\/\">Continue reading <span class=\"meta-nav\">&rarr;<\/span><\/a><\/p>\n","protected":false},"author":780,"featured_media":0,"comment_status":"closed","ping_status":"closed","sticky":false,"template":"","format":"standard","meta":{"_monsterinsights_skip_tracking":false,"_monsterinsights_sitenote_active":false,"_monsterinsights_sitenote_note":"","_monsterinsights_sitenote_category":0,"footnotes":""},"categories":[41764],"tags":[],"class_list":["post-414","post","type-post","status-publish","format-standard","hentry","category-yleinen"],"_links":{"self":[{"href":"https:\/\/blogi.eoppimispalvelut.fi\/aktiiviplus\/wp-json\/wp\/v2\/posts\/414","targetHints":{"allow":["GET"]}}],"collection":[{"href":"https:\/\/blogi.eoppimispalvelut.fi\/aktiiviplus\/wp-json\/wp\/v2\/posts"}],"about":[{"href":"https:\/\/blogi.eoppimispalvelut.fi\/aktiiviplus\/wp-json\/wp\/v2\/types\/post"}],"author":[{"embeddable":true,"href":"https:\/\/blogi.eoppimispalvelut.fi\/aktiiviplus\/wp-json\/wp\/v2\/users\/780"}],"replies":[{"embeddable":true,"href":"https:\/\/blogi.eoppimispalvelut.fi\/aktiiviplus\/wp-json\/wp\/v2\/comments?post=414"}],"version-history":[{"count":4,"href":"https:\/\/blogi.eoppimispalvelut.fi\/aktiiviplus\/wp-json\/wp\/v2\/posts\/414\/revisions"}],"predecessor-version":[{"id":425,"href":"https:\/\/blogi.eoppimispalvelut.fi\/aktiiviplus\/wp-json\/wp\/v2\/posts\/414\/revisions\/425"}],"wp:attachment":[{"href":"https:\/\/blogi.eoppimispalvelut.fi\/aktiiviplus\/wp-json\/wp\/v2\/media?parent=414"}],"wp:term":[{"taxonomy":"category","embeddable":true,"href":"https:\/\/blogi.eoppimispalvelut.fi\/aktiiviplus\/wp-json\/wp\/v2\/categories?post=414"},{"taxonomy":"post_tag","embeddable":true,"href":"https:\/\/blogi.eoppimispalvelut.fi\/aktiiviplus\/wp-json\/wp\/v2\/tags?post=414"}],"curies":[{"name":"wp","href":"https:\/\/api.w.org\/{rel}","templated":true}]}}