{"id":442,"date":"2022-11-09T13:49:25","date_gmt":"2022-11-09T11:49:25","guid":{"rendered":"https:\/\/blogi.eoppimispalvelut.fi\/digitiimi\/?p=442"},"modified":"2022-11-09T14:12:22","modified_gmt":"2022-11-09T12:12:22","slug":"etatyo-on-muutakin-kuin-yksinaista-puurtamista-digitiimi-antaa-uusia-tutkittuja-nakokulmia","status":"publish","type":"post","link":"https:\/\/blogi.eoppimispalvelut.fi\/digitiimi\/etatyo-on-muutakin-kuin-yksinaista-puurtamista-digitiimi-antaa-uusia-tutkittuja-nakokulmia\/","title":{"rendered":"Et\u00e4ty\u00f6 on muutakin kuin yksin\u00e4ist\u00e4 puurtamista &#8211; Digitiimi antaa uusia, tutkittuja n\u00e4k\u00f6kulmia"},"content":{"rendered":"<p>[et_pb_section fb_built=&#8221;1&#8243; _builder_version=&#8221;4.16&#8243; global_colors_info=&#8221;{}&#8221;][et_pb_row _builder_version=&#8221;4.18.0&#8243; background_size=&#8221;initial&#8221; background_position=&#8221;top_left&#8221; background_repeat=&#8221;repeat&#8221; custom_padding=&#8221;0px||0px||false|false&#8221; global_colors_info=&#8221;{}&#8221;][et_pb_column type=&#8221;4_4&#8243; _builder_version=&#8221;4.16&#8243; custom_padding=&#8221;|||&#8221; global_colors_info=&#8221;{}&#8221; custom_padding__hover=&#8221;|||&#8221;][et_pb_text _builder_version=&#8221;4.18.0&#8243; _module_preset=&#8221;default&#8221; hover_enabled=&#8221;0&#8243; sticky_enabled=&#8221;0&#8243;]<\/p>\n<p><em>Petra Kannisto on osallistunut Digitiimi-hankkeen webinaareihin ja klinikoihin vuonna 2022. H\u00e4n kertoo omin sanoin, miten on hankkeen tarjoaman yhteisty\u00f6n kokenut ja mit\u00e4 uutta se on h\u00e4nelle tarjonnut.<\/em><\/p>\n<p>[\/et_pb_text][et_pb_text _builder_version=&#8221;4.18.0&#8243; background_size=&#8221;initial&#8221; background_position=&#8221;top_left&#8221; background_repeat=&#8221;repeat&#8221; hover_enabled=&#8221;0&#8243; global_colors_info=&#8221;{}&#8221; sticky_enabled=&#8221;0&#8243;]<\/p>\n<p><!-- divi:quote --><\/p>\n<h2>Miksi Digitiimiin mukaan?<\/h2>\n<p><span class=\"normaltextrun\">Kotona ty\u00f6skentely on tullut minulle tutuksi jo vuosia sitten. Koronan myll\u00e4tess\u00e4 yhteiskunnan uuteen uskoon et\u00e4t\u00f6ihin siirtyminen k\u00e4vi monella silm\u00e4nr\u00e4p\u00e4yksess\u00e4, eik\u00e4 sit\u00e4 juurikaan voitu suunnitella tai valmistella. Tekniikka t\u00e4ydelliseen et\u00e4ty\u00f6skentelyyn oli jo olemassa, seh\u00e4n piti vain kunkin ottaa haltuun.<\/span><\/p>\n<p><span class=\"normaltextrun\">Mutta mink\u00e4laisia asioita\u00a0et\u00e4ty\u00f6h\u00f6n liittyy sek\u00e4 ty\u00f6ntekij\u00e4n ett\u00e4 h\u00e4nen esimiehens\u00e4 n\u00e4k\u00f6kulmasta?\u00a0Onko et\u00e4ty\u00f6 kaikille sittenk\u00e4\u00e4n yht\u00e4 helppoa ja mukavaa, jollaisena\u00a0<\/span><span class=\"normaltextrun\">se itselleni n\u00e4ytt\u00e4ytyy?<\/span><\/p>\n<p>&nbsp;<\/p>\n<p><!-- \/divi:image --><\/p>\n<p>[\/et_pb_text][\/et_pb_column][\/et_pb_row][et_pb_row column_structure=&#8221;3_4,1_4&#8243; _builder_version=&#8221;4.18.0&#8243; _module_preset=&#8221;default&#8221; background_color=&#8221;RGBA(255,255,255,0)&#8221; global_colors_info=&#8221;{}&#8221;][et_pb_column type=&#8221;3_4&#8243; _builder_version=&#8221;4.18.0&#8243; _module_preset=&#8221;default&#8221; global_colors_info=&#8221;{}&#8221;][et_pb_text _builder_version=&#8221;4.18.0&#8243; _module_preset=&#8221;default&#8221; background_color=&#8221;RGBA(255,255,255,0)&#8221; background_enable_image=&#8221;off&#8221; global_colors_info=&#8221;{}&#8221;]<\/p>\n<blockquote>\n<h6 class=\"paragraph\" style=\"margin: 0cm 0cm 0.0001pt;vertical-align: baseline;padding-left: 40px\"><span class=\"normaltextrun\">Olen osallistunut Digitiimin workshoppeihin t\u00e4n\u00e4 syksyn\u00e4 ja oppinut paljon uutta. Mukana on asiantuntijoita ja tutkijoita, jotka tarjoavat kattavan ja usein hauskankin n\u00e4k\u00f6kulman tutkittuun tietoon. Keskusteluosuudessa kaikki p\u00e4\u00e4siv\u00e4t pohtimaan omaa suhdettaan et\u00e4ty\u00f6h\u00f6n ja sen ilmi\u00f6ihin. Minusta on ollut hienoa tutustua tutkittuun tietoon ja samalla syvent\u00e4\u00e4 omaa ymm\u00e4rryst\u00e4 aiheesta.<\/span><\/h6>\n<\/blockquote>\n<p>[\/et_pb_text][\/et_pb_column][et_pb_column type=&#8221;1_4&#8243; _builder_version=&#8221;4.18.0&#8243; _module_preset=&#8221;default&#8221; global_colors_info=&#8221;{}&#8221;][et_pb_image src=&#8221;https:\/\/blogi.eoppimispalvelut.fi\/digitiimi\/files\/2022\/11\/petra-uutiskuva-231&#215;300-3.jpg&#8221; _builder_version=&#8221;4.18.0&#8243; _module_preset=&#8221;default&#8221; global_colors_info=&#8221;{}&#8221;][\/et_pb_image][\/et_pb_column][\/et_pb_row][et_pb_row _builder_version=&#8221;4.18.0&#8243; background_size=&#8221;initial&#8221; background_position=&#8221;top_left&#8221; background_repeat=&#8221;repeat&#8221; custom_padding=&#8221;0px||0px||false|false&#8221; global_colors_info=&#8221;{}&#8221;][et_pb_column type=&#8221;4_4&#8243; _builder_version=&#8221;4.16&#8243; custom_padding=&#8221;|||&#8221; global_colors_info=&#8221;{}&#8221; custom_padding__hover=&#8221;|||&#8221;][et_pb_text _builder_version=&#8221;4.18.0&#8243; background_size=&#8221;initial&#8221; background_position=&#8221;top_left&#8221; background_repeat=&#8221;repeat&#8221; custom_margin=&#8221;3px|||||&#8221; hover_enabled=&#8221;0&#8243; global_colors_info=&#8221;{}&#8221; sticky_enabled=&#8221;0&#8243;]<\/p>\n<p><!-- divi:quote --><\/p>\n<p><span class=\"normaltextrun\">Et\u00e4ty\u00f6 ei ole vain kotona istumista. Jollekin se voi olla sosiaalista erist\u00e4ytymist\u00e4 ja toiselle ihana ty\u00f6rauha ilman <\/span><span class=\"spellingerror\">small<\/span><span class=\"normaltextrun\"> talkin pakkoa. Joku taas viihtyy hybridity\u00f6ss\u00e4, jolloin osa ty\u00f6p\u00e4ivist\u00e4 tehd\u00e4\u00e4n kotona, osa ty\u00f6paikalla tai ihan jossain muualla. Miten ymp\u00e4rist\u00f6 ja tauotus vaikuttaa et\u00e4t\u00f6iss\u00e4 viihtymiseen? Millaiseksi esimiehen ja ty\u00f6ntekij\u00e4n rooli muodostuu, jos he tapaavat vain harvoin?<\/span><span class=\"eop\">\u00a0<\/span><span style=\"font-size: 9.0pt;font-family: 'Segoe UI',sans-serif\"><\/span><\/p>\n<p><span class=\"normaltextrun\">Digitiimin workshopeissa keskustellaan asiantuntijoiden kanssa esimerkiksi itsens\u00e4 johtamisesta ja ty\u00f6ss\u00e4 viihtymisest\u00e4, sek\u00e4 my\u00f6s niin t\u00e4rke\u00e4st\u00e4 oman ty\u00f6yhteis\u00f6n ja hyv\u00e4n esimiesty\u00f6n merkityksest\u00e4. Workshopeissa olen saanut vastauksia esitt\u00e4miini kysymyksiin.<\/span><\/p>\n<p><span class=\"normaltextrun\">Opiskelen t\u00e4ll\u00e4 hetkell\u00e4 t\u00e4ysip\u00e4iv\u00e4isesti YAMK \u2013tutkintoa, jonka suoritan t\u00e4ysin et\u00e4n\u00e4. Parhaimmaksi ty\u00f6skentelymalliksi itselleni olen valinnut kotona ty\u00f6skentelyn rinnalle ty\u00f6p\u00e4iv\u00e4t l\u00e4hell\u00e4 sijaitsevassa yhteis\u00f6llisess\u00e4 ty\u00f6tilassa. Sielt\u00e4 olen l\u00f6yt\u00e4nyt ty\u00f6pisteen lis\u00e4ksi itselleni lounas- ja kahviseuraa monen eri alan ihmisist\u00e4. Kun pian vaihdan opiskelijan roolistani\u00a0ty\u00f6el\u00e4m\u00e4\u00e4n, uskon ett\u00e4 itselleni mieluisin ty\u00f6skentelytapa on hybridity\u00f6, jossa eri ty\u00f6pisteiden v\u00e4lill\u00e4 voi liikkua tarpeen ja ty\u00f6teht\u00e4vien mukaan.<\/span><\/p>\n<p><span class=\"normaltextrun\"><strong>L\u00e4hde sin\u00e4kin mukaan kuulemaan ja keskustelemaan Digitiimin workshoppeihin, samalla opit uutta tulevaisuuden ty\u00f6el\u00e4m\u00e4st\u00e4, joka on jo nyt t\u00e4\u00e4ll\u00e4!<\/strong><\/span><\/p>\n<p><em>\u00a0Petra Kannisto, Yll\u00e4s<\/em><\/p>\n<p><!-- divi:image --><\/p>\n<p><!-- \/divi:image --><\/p>\n<p>[\/et_pb_text][\/et_pb_column][\/et_pb_row][\/et_pb_section][et_pb_section fb_built=&#8221;1&#8243; _builder_version=&#8221;4.18.0&#8243; _module_preset=&#8221;default&#8221; global_colors_info=&#8221;{}&#8221;][\/et_pb_section]<\/p>\n","protected":false},"excerpt":{"rendered":"<p>Osallistuja Petra Kannisto kertoo omista kokemuksistaan liittyen Digitiimi-tilaisuuksiin.<\/p>\n","protected":false},"author":643,"featured_media":453,"comment_status":"open","ping_status":"open","sticky":false,"template":"","format":"standard","meta":{"_et_pb_use_builder":"on","_et_pb_old_content":"","_et_gb_content_width":"","footnotes":""},"categories":[1],"tags":[],"class_list":["post-442","post","type-post","status-publish","format-standard","has-post-thumbnail","hentry","category-uncategorized"],"_links":{"self":[{"href":"https:\/\/blogi.eoppimispalvelut.fi\/digitiimi\/wp-json\/wp\/v2\/posts\/442","targetHints":{"allow":["GET"]}}],"collection":[{"href":"https:\/\/blogi.eoppimispalvelut.fi\/digitiimi\/wp-json\/wp\/v2\/posts"}],"about":[{"href":"https:\/\/blogi.eoppimispalvelut.fi\/digitiimi\/wp-json\/wp\/v2\/types\/post"}],"author":[{"embeddable":true,"href":"https:\/\/blogi.eoppimispalvelut.fi\/digitiimi\/wp-json\/wp\/v2\/users\/643"}],"replies":[{"embeddable":true,"href":"https:\/\/blogi.eoppimispalvelut.fi\/digitiimi\/wp-json\/wp\/v2\/comments?post=442"}],"version-history":[{"count":7,"href":"https:\/\/blogi.eoppimispalvelut.fi\/digitiimi\/wp-json\/wp\/v2\/posts\/442\/revisions"}],"predecessor-version":[{"id":457,"href":"https:\/\/blogi.eoppimispalvelut.fi\/digitiimi\/wp-json\/wp\/v2\/posts\/442\/revisions\/457"}],"wp:featuredmedia":[{"embeddable":true,"href":"https:\/\/blogi.eoppimispalvelut.fi\/digitiimi\/wp-json\/wp\/v2\/media\/453"}],"wp:attachment":[{"href":"https:\/\/blogi.eoppimispalvelut.fi\/digitiimi\/wp-json\/wp\/v2\/media?parent=442"}],"wp:term":[{"taxonomy":"category","embeddable":true,"href":"https:\/\/blogi.eoppimispalvelut.fi\/digitiimi\/wp-json\/wp\/v2\/categories?post=442"},{"taxonomy":"post_tag","embeddable":true,"href":"https:\/\/blogi.eoppimispalvelut.fi\/digitiimi\/wp-json\/wp\/v2\/tags?post=442"}],"curies":[{"name":"wp","href":"https:\/\/api.w.org\/{rel}","templated":true}]}}