{"id":465,"date":"2022-11-11T11:27:45","date_gmt":"2022-11-11T09:27:45","guid":{"rendered":"https:\/\/blogi.eoppimispalvelut.fi\/digitiimi\/?p=465"},"modified":"2022-11-11T11:27:45","modified_gmt":"2022-11-11T09:27:45","slug":"pikkujoulu-kausi-on-taalla-hoidetaanpa-kuitenkin-yhdet-etana-ja-tavoitteellisesti","status":"publish","type":"post","link":"https:\/\/blogi.eoppimispalvelut.fi\/digitiimi\/pikkujoulu-kausi-on-taalla-hoidetaanpa-kuitenkin-yhdet-etana-ja-tavoitteellisesti\/","title":{"rendered":"Pikkujoulu kausi on t\u00e4\u00e4ll\u00e4 \u2013 hoidetaanpa kuitenkin yhdet et\u00e4n\u00e4 ja tavoitteellisesti!"},"content":{"rendered":"<p>[et_pb_section fb_built=&#8221;1&#8243; _builder_version=&#8221;4.16&#8243; global_colors_info=&#8221;{}&#8221; theme_builder_area=&#8221;post_content&#8221;][et_pb_row _builder_version=&#8221;4.18.0&#8243; background_size=&#8221;initial&#8221; background_position=&#8221;top_left&#8221; background_repeat=&#8221;repeat&#8221; custom_padding=&#8221;0px||0px||false|false&#8221; global_colors_info=&#8221;{}&#8221; theme_builder_area=&#8221;post_content&#8221;][et_pb_column type=&#8221;4_4&#8243; _builder_version=&#8221;4.16&#8243; custom_padding=&#8221;|||&#8221; global_colors_info=&#8221;{}&#8221; custom_padding__hover=&#8221;|||&#8221; theme_builder_area=&#8221;post_content&#8221;][et_pb_text _builder_version=&#8221;4.18.0&#8243; _module_preset=&#8221;default&#8221; hover_enabled=&#8221;0&#8243; global_colors_info=&#8221;{}&#8221; theme_builder_area=&#8221;post_content&#8221; custom_padding=&#8221;||0px|||&#8221; sticky_enabled=&#8221;0&#8243;]<\/p>\n<p><span data-contrast=\"auto\" xml:lang=\"FI-FI\" lang=\"FI-FI\" class=\"TextRun SCXW85064332 BCX9\"><span class=\"NormalTextRun SCXW85064332 BCX9\">Ei silt\u00e4 v\u00e4lty t\u00e4n\u00e4 vuonnakaan, s\u00e4hk\u00f6posti huutaa kohta <\/span><span class=\"SpellingError SCXW85064332 BCX9\">hoosiannaa<\/span><span class=\"NormalTextRun SCXW85064332 BCX9\"> (<\/span><span class=\"SpellingError SCXW85064332 BCX9\">pun<\/span><span class=\"NormalTextRun SCXW85064332 BCX9\"> <\/span><span class=\"SpellingError SCXW85064332 BCX9\">intended<\/span><span class=\"NormalTextRun SCXW85064332 BCX9\">) kaiken maailman pikkujouluista. Viimeist\u00e4\u00e4n marraskuun puolessa v\u00e4liss\u00e4, kun raahaudut j\u00e4lleen kerran perinteisen joulup\u00f6yd\u00e4n \u00e4\u00e4reen <\/span><span class=\"ContextualSpellingAndGrammarError SCXW85064332 BCX9\">ties<\/span><span class=\"NormalTextRun SCXW85064332 BCX9\"> kuinka monenn<\/span><span class=\"NormalTextRun SCXW85064332 BCX9\">essa <\/span><span class=\"NormalTextRun SCXW85064332 BCX9\">yhdistyksen, seuran, yhteisty\u00f6kumppanin tai ty\u00f6paikan pikkujouluissa<\/span><span class=\"NormalTextRun SCXW85064332 BCX9\">,<\/span><span class=\"NormalTextRun SCXW85064332 BCX9\"> her\u00e4\u00e4 ajatus \u2013 voisiko n\u00e4it\u00e4 tehd\u00e4 jotenkin toisin? Kyll\u00e4 voi! Tervetuloa Digitiimin et\u00e4pikkujouluihin!\u00a0<\/span><\/span><span class=\"EOP SCXW85064332 BCX9\" data-ccp-props=\"{&quot;201341983&quot;:0,&quot;335559739&quot;:160,&quot;335559740&quot;:259}\">\u00a0<\/span><\/p>\n<p>[\/et_pb_text][et_pb_text _builder_version=&#8221;4.18.0&#8243; background_size=&#8221;initial&#8221; background_position=&#8221;top_left&#8221; background_repeat=&#8221;repeat&#8221; hover_enabled=&#8221;0&#8243; global_colors_info=&#8221;{}&#8221; theme_builder_area=&#8221;post_content&#8221; custom_padding=&#8221;8px|||||&#8221; sticky_enabled=&#8221;0&#8243;]<\/p>\n<p><!-- divi:quote --><\/p>\n<h2><span data-contrast=\"auto\" xml:lang=\"FI-FI\" lang=\"FI-FI\" class=\"TextRun SCXW64922053 BCX9\"><span class=\"NormalTextRun SCXW64922053 BCX9\" data-ccp-parastyle=\"heading 3\">Et\u00e4ty\u00f6skentely ja sen v\u00e4lineet<\/span><\/span><span class=\"EOP SCXW64922053 BCX9\" data-ccp-props=\"{&quot;201341983&quot;:0,&quot;335559739&quot;:160,&quot;335559740&quot;:259}\">\u00a0<\/span><\/h2>\n<p><span data-contrast=\"auto\">T\u00e4n\u00e4 vuonna Digitiimi j\u00e4rjest\u00e4\u00e4 hieman pikkujoulu-teemaa mukaillen kolme eri webinaaria 12.-15.12. v\u00e4lisen\u00e4 aikana. Hankkeen tavoitteen mukaisesti n\u00e4iss\u00e4 webinaareissa keskityt\u00e4\u00e4n et\u00e4ty\u00f6skentelyn tuomiin mahdollisuuksiin (ja haasteisiin), ty\u00f6v\u00e4lineisiin ja toiminnan organisointiin kinkun sy\u00f6misen sijasta.\u00a0<\/span><span data-ccp-props=\"{&quot;201341983&quot;:0,&quot;335559739&quot;:160,&quot;335559740&quot;:259}\">\u00a0<\/span><\/p>\n<p><span data-contrast=\"auto\">Webinaareissa tarkastelemme digiteknologian ja et\u00e4ty\u00f6skentelyn ty\u00f6tapoja sek\u00e4 pohdimme yhdess\u00e4 osallistujien kanssa, mill\u00e4 toimenpiteill\u00e4 et\u00e4ty\u00f6skentely\u00e4 voidaan tukea, mit\u00e4 se vaatii organisaatiolta ja millaista osaamista tapaamisen organisoijalta.<\/span><\/p>\n<p><!-- \/divi:image --><\/p>\n<p>[\/et_pb_text][et_pb_text _builder_version=&#8221;4.18.0&#8243; background_size=&#8221;initial&#8221; background_position=&#8221;top_left&#8221; background_repeat=&#8221;repeat&#8221; hover_enabled=&#8221;0&#8243; global_colors_info=&#8221;{}&#8221; theme_builder_area=&#8221;post_content&#8221; custom_padding=&#8221;8px|||||&#8221; sticky_enabled=&#8221;0&#8243;]<\/p>\n<p><!-- divi:quote --><\/p>\n<h2><span data-contrast=\"auto\" xml:lang=\"FI-FI\" lang=\"FI-FI\" class=\"TextRun SCXW254513796 BCX9\"><span class=\"NormalTextRun SCXW254513796 BCX9\" data-ccp-parastyle=\"heading 3\">Kolmenlaista ty\u00f6aikaa<\/span><\/span><\/h2>\n<p><span data-contrast=\"auto\">Ty\u00f6aika on ty\u00f6aikaa ja muu on vapaa-aikaa, eik\u00f6 niin? No, ty\u00f6aikaakin voidaan tarkastella hieman tarkemmin. Me kaikki osaamme samaistua niin sanottuun operatiiviseen ty\u00f6aikaan, eli siihen ty\u00f6aikaan, joka v\u00e4\u00e4nnet\u00e4\u00e4n \u201dsorvin \u00e4\u00e4ress\u00e4\u201d \u2013 t\u00e4m\u00e4 on ty\u00f6n perusteht\u00e4v\u00e4n hoitamista. Mutta mit\u00e4 ajatuksia se her\u00e4tt\u00e4\u00e4 sinussa, jos kerron, ett\u00e4 operatiivisen ty\u00f6ajan lis\u00e4ksi ty\u00f6yhteis\u00f6ss\u00e4 tulisi ty\u00f6aikaa tarkastella my\u00f6s reflektiivisen ja sosiaalisen ty\u00f6ajan n\u00e4k\u00f6kulmasta?\u00a0<\/span><span data-ccp-props=\"{&quot;201341983&quot;:0,&quot;335559739&quot;:160,&quot;335559740&quot;:259}\">\u00a0<\/span><\/p>\n<p><span data-contrast=\"auto\">T\u00e4ss\u00e4 yhteydess\u00e4 reflektiivisell\u00e4 ty\u00f6ajalla viitataan ty\u00f6aikaan, joka tukee oman ja ty\u00f6yhteis\u00f6n toiminnan kehitt\u00e4mist\u00e4 ja kehittymist\u00e4. Reflektiivinen ty\u00f6aika n\u00e4hd\u00e4\u00e4nkin tutkivana, pohtivana ja ratkaisuja hakevana aikana, jossa vuorovaikutus ja yhteisty\u00f6 on keski\u00f6ss\u00e4. Kun operatiivisella puolella hommat t\u00f6kkii ja ty\u00f6ntekij\u00e4ll\u00e4 menee j\u00e4lleen niin sanotusti \u201dhuuruun\u201d, voi ratkaisuja l\u00e4hte\u00e4 hakemaan reflektiivisen ty\u00f6ajan avulla. Sosiaalinen ty\u00f6aika puolestaan n\u00e4hd\u00e4\u00e4n ihmisten v\u00e4lisen\u00e4 kanssak\u00e4ymisen\u00e4, jonka tavoitteena on rakentaa ty\u00f6yhteis\u00f6n luottamusta ja yhteis\u00f6llisyytt\u00e4.\u00a0<\/span><span data-ccp-props=\"{&quot;201341983&quot;:0,&quot;335559739&quot;:160,&quot;335559740&quot;:259}\">\u00a0<\/span><\/p>\n<p><span data-contrast=\"auto\">Ty\u00f6aikaakin voidaan siis tarkastella muutamasta eri n\u00e4k\u00f6kulmasta ja ty\u00f6yhteis\u00f6n onkin hyv\u00e4 pohtia, kuinka n\u00e4it\u00e4 kolmea ty\u00f6ajan n\u00e4k\u00f6kulmaa voidaan hy\u00f6dynt\u00e4\u00e4 juuri sinun ty\u00f6yhteis\u00f6ss\u00e4. Miten teill\u00e4 operatiivista aikaa voidaan tukea? Miten teid\u00e4n ty\u00f6yhteis\u00f6ss\u00e4 huolehditaan reflektiivisest\u00e4 ajasta? Miten sosiaaliseen aikaan panostetaan? Ja ennen kaikkea \u2013 kuinka t\u00e4m\u00e4n kaikki tehd\u00e4\u00e4n et\u00e4n\u00e4?<\/span><span data-ccp-props=\"{&quot;201341983&quot;:0,&quot;335559739&quot;:160,&quot;335559740&quot;:259}\">\u00a0<\/span><\/p>\n<p><!-- \/divi:image --><\/p>\n<p>[\/et_pb_text][et_pb_image src=&#8221;https:\/\/blogi.eoppimispalvelut.fi\/digitiimi\/files\/2022\/11\/kolmeaikaa.png&#8221; _builder_version=&#8221;4.18.0&#8243; _module_preset=&#8221;default&#8221; theme_builder_area=&#8221;post_content&#8221; title_text=&#8221;kolmeaikaa&#8221; hover_enabled=&#8221;0&#8243; sticky_enabled=&#8221;0&#8243;][\/et_pb_image][et_pb_text _builder_version=&#8221;4.18.0&#8243; background_size=&#8221;initial&#8221; background_position=&#8221;top_left&#8221; background_repeat=&#8221;repeat&#8221; hover_enabled=&#8221;0&#8243; global_colors_info=&#8221;{}&#8221; theme_builder_area=&#8221;post_content&#8221; custom_padding=&#8221;8px|||||&#8221; sticky_enabled=&#8221;0&#8243;]<\/p>\n<p><!-- divi:quote --><\/p>\n<h2><span data-contrast=\"auto\" xml:lang=\"FI-FI\" lang=\"FI-FI\" class=\"TextRun SCXW19810886 BCX9\"><span class=\"NormalTextRun SCXW19810886 BCX9\" data-ccp-parastyle=\"heading 3\">Milloin, mit\u00e4 ja miss\u00e4?<\/span><\/span><\/h2>\n<p><span data-contrast=\"auto\">Digitiimi p\u00e4\u00e4tti itsekin ottaa oman ajank\u00e4yt\u00f6n tarkasteluun ja p\u00e4\u00e4timme, ett\u00e4 joulukuussa pid\u00e4mme kolme eri webinaaria, joissa k\u00e4sittelisimme edell\u00e4 mainittuja teemoja niihin liittyvien ty\u00f6tapojen ja -v\u00e4lineiden avulla.\u00a0<\/span><span data-ccp-props=\"{&quot;201341983&quot;:0,&quot;335559739&quot;:160,&quot;335559740&quot;:259}\">\u00a0<\/span><\/p>\n<blockquote>\n<p><b><span data-contrast=\"auto\">Maanantaina 12.12.<\/span><\/b> <b><span data-contrast=\"auto\">klo 08:00 <\/span><\/b><span data-contrast=\"auto\">j\u00e4rjest\u00e4mme \u201daamupalaverin\u201d ja pohdimme operatiivisen ty\u00f6ajan n\u00e4k\u00f6kulmia. Agendalla on ainakin operatiivista ty\u00f6aikaa ja ty\u00f6ntekij\u00e4n autonomiaa tukevat pelis\u00e4\u00e4nn\u00f6t sek\u00e4 et\u00e4ty\u00f6skentely\u00e4 ja -palavereita koskevat k\u00e4yt<\/span><span data-contrast=\"auto\">\u00e4nteet.<\/span><span data-contrast=\"auto\"><\/span><\/p>\n<p>&nbsp;<\/p>\n<p><b><span data-contrast=\"auto\">Keskiviikkona 14.12. klo 11:00 <\/span><\/b><span data-contrast=\"auto\">pid\u00e4mme reflektiivisen ty\u00f6ajan n\u00e4k\u00f6kulmalla lounastauon, koska kuten tied\u00e4mme, reflektiivist\u00e4 ty\u00f6aikaa ei ikin\u00e4 ole liikaa. T\u00e4ss\u00e4 webinaarissa k\u00e4sittelemme (et\u00e4)ty\u00f6skentelyyn liittyv\u00e4n reflektiivisen ty\u00f6ajan hy\u00f6tyj\u00e4, k\u00e4yt\u00e4nteit\u00e4 ja v\u00e4lineit\u00e4.\u00a0<\/span><span data-ccp-props=\"{&quot;201341983&quot;:0,&quot;335559739&quot;:160,&quot;335559740&quot;:259}\">\u00a0<\/span><\/p>\n<p>&nbsp;<\/p>\n<p><b><span data-contrast=\"auto\">Torstaina 15.12. klo 17:00 <\/span><\/b><span data-contrast=\"auto\">onkin sitten afterworkin aika. Sosiaalinen aika on merkitt\u00e4v\u00e4 osa toimivan ty\u00f6yhteis\u00f6n toimintaa ja t\u00e4ll<\/span><span data-contrast=\"auto\">\u00e4<\/span><span data-contrast=\"auto\"> kertaa se hoidetaan et\u00e4n\u00e4, ty\u00f6p\u00e4iv\u00e4n j\u00e4lkeen. Agendalla sosiaalisen aikaan liittyv\u00e4\u00e4 keskustelua ja katsotaanpa jos saisimme raahattua linjoille jonkun huumoripohjaisen ohjelmanumeronkin.\u00a0<\/span><span data-ccp-props=\"{&quot;201341983&quot;:0,&quot;335559739&quot;:160,&quot;335559740&quot;:259}\">\u00a0<\/span><\/p>\n<\/blockquote>\n<p><!-- \/divi:image --><\/p>\n<p>[\/et_pb_text][et_pb_text _builder_version=&#8221;4.18.0&#8243; background_size=&#8221;initial&#8221; background_position=&#8221;top_left&#8221; background_repeat=&#8221;repeat&#8221; hover_enabled=&#8221;0&#8243; global_colors_info=&#8221;{}&#8221; theme_builder_area=&#8221;post_content&#8221; custom_padding=&#8221;8px|||||&#8221; sticky_enabled=&#8221;0&#8243;]<\/p>\n<p>Digitiimi toivottaa sinut tervetulleeksi Digitiimin pikkujouluihin reflektoimaan kulunutta vuotta ja luomaan katseita edess\u00e4 h\u00e4\u00e4m\u00f6tt\u00e4v\u00e4\u00e4n vuoteen.\u00a0\u00a0<\/p>\n<p><strong>Tervetuloa mukaan!\u00a0<a href=\"https:\/\/link.webropolsurveys.com\/Participation\/Public\/755b07dd-c967-49bc-ae56-412fe105efac?displayId=Fin2669127\" target=\"_blank\" rel=\"noopener\"> Ilmoittaudu vieraslistalle s\u00e4hk\u00f6isell\u00e4 lomakkeella<\/a>.\u00a0<\/strong><\/p>\n<p><span data-contrast=\"auto\">L\u00e4hteet: Roininen, M. (toim.) 2019. Ty\u00f6n muotoilu mobiilissa ja monipaikkaisessa ty\u00f6ss\u00e4. Turun ammattikorkeakoulun raportteja 261. Turku: Turun ammattikorkeakoulu. Ladattavissa: <\/span><a href=\"https:\/\/julkaisut.turkuamk.fi\/isbn9789522167408.pdf\"><span data-contrast=\"none\">https:\/\/julkaisut.turkuamk.fi\/isbn9789522167408.pdf<\/span><\/a><span data-contrast=\"auto\">\u00a0<\/span><span data-ccp-props=\"{&quot;201341983&quot;:0,&quot;335559739&quot;:160,&quot;335559740&quot;:259}\">\u00a0<\/span><\/p>\n<p>[\/et_pb_text][\/et_pb_column][\/et_pb_row][\/et_pb_section]<\/p>\n","protected":false},"excerpt":{"rendered":"<p>Ei silt\u00e4 v\u00e4lty t\u00e4n\u00e4 vuonnakaan, s\u00e4hk\u00f6posti huutaa kohta hoosiannaa (pun intended) kaiken maailman pikkujouluista. Viimeist\u00e4\u00e4n marraskuun puolessa v\u00e4liss\u00e4, kun raahaudut j\u00e4lleen kerran perinteisen joulup\u00f6yd\u00e4n \u00e4\u00e4reen ties kuinka monennessa yhdistyksen, seuran, yhteisty\u00f6kumppanin tai ty\u00f6paikan pikkujouluissa, her\u00e4\u00e4 ajatus \u2013 voisiko n\u00e4it\u00e4 tehd\u00e4 jotenkin toisin? Kyll\u00e4 voi! Tervetuloa Digitiimin et\u00e4pikkujouluihin!\u00a0\u00a0 Et\u00e4ty\u00f6skentely ja sen v\u00e4lineet\u00a0 T\u00e4n\u00e4 vuonna Digitiimi j\u00e4rjest\u00e4\u00e4 [&hellip;]<\/p>\n","protected":false},"author":643,"featured_media":459,"comment_status":"open","ping_status":"open","sticky":false,"template":"","format":"standard","meta":{"_et_pb_use_builder":"on","_et_pb_old_content":"","_et_gb_content_width":"","footnotes":""},"categories":[1],"tags":[],"class_list":["post-465","post","type-post","status-publish","format-standard","has-post-thumbnail","hentry","category-uncategorized"],"_links":{"self":[{"href":"https:\/\/blogi.eoppimispalvelut.fi\/digitiimi\/wp-json\/wp\/v2\/posts\/465","targetHints":{"allow":["GET"]}}],"collection":[{"href":"https:\/\/blogi.eoppimispalvelut.fi\/digitiimi\/wp-json\/wp\/v2\/posts"}],"about":[{"href":"https:\/\/blogi.eoppimispalvelut.fi\/digitiimi\/wp-json\/wp\/v2\/types\/post"}],"author":[{"embeddable":true,"href":"https:\/\/blogi.eoppimispalvelut.fi\/digitiimi\/wp-json\/wp\/v2\/users\/643"}],"replies":[{"embeddable":true,"href":"https:\/\/blogi.eoppimispalvelut.fi\/digitiimi\/wp-json\/wp\/v2\/comments?post=465"}],"version-history":[{"count":3,"href":"https:\/\/blogi.eoppimispalvelut.fi\/digitiimi\/wp-json\/wp\/v2\/posts\/465\/revisions"}],"predecessor-version":[{"id":470,"href":"https:\/\/blogi.eoppimispalvelut.fi\/digitiimi\/wp-json\/wp\/v2\/posts\/465\/revisions\/470"}],"wp:featuredmedia":[{"embeddable":true,"href":"https:\/\/blogi.eoppimispalvelut.fi\/digitiimi\/wp-json\/wp\/v2\/media\/459"}],"wp:attachment":[{"href":"https:\/\/blogi.eoppimispalvelut.fi\/digitiimi\/wp-json\/wp\/v2\/media?parent=465"}],"wp:term":[{"taxonomy":"category","embeddable":true,"href":"https:\/\/blogi.eoppimispalvelut.fi\/digitiimi\/wp-json\/wp\/v2\/categories?post=465"},{"taxonomy":"post_tag","embeddable":true,"href":"https:\/\/blogi.eoppimispalvelut.fi\/digitiimi\/wp-json\/wp\/v2\/tags?post=465"}],"curies":[{"name":"wp","href":"https:\/\/api.w.org\/{rel}","templated":true}]}}