{"id":480,"date":"2018-04-24T09:00:12","date_gmt":"2018-04-24T06:00:12","guid":{"rendered":"https:\/\/blogi.eoppimispalvelut.fi\/ekku\/?p=480"},"modified":"2018-04-24T09:00:12","modified_gmt":"2018-04-24T06:00:12","slug":"matsataan-ja-raataloidaan-tapahtumakooste","status":"publish","type":"post","link":"https:\/\/blogi.eoppimispalvelut.fi\/ekku\/2018\/04\/24\/matsataan-ja-raataloidaan-tapahtumakooste\/","title":{"rendered":"M\u00e4ts\u00e4t\u00e4\u00e4n ja r\u00e4\u00e4t\u00e4l\u00f6id\u00e4\u00e4n -tapahtumakooste"},"content":{"rendered":"<p><b>M\u00e4ts\u00e4t\u00e4\u00e4n<\/b><b> ja r\u00e4\u00e4t\u00e4l\u00f6id\u00e4\u00e4n \u2013t\u00f6it\u00e4 tekeville \u2013tapahtuma<\/b><\/p>\n<p>EKKU-hanke toteutti tammikuussa 2018 M\u00e4ts\u00e4ys ja R\u00e4\u00e4t\u00e4l\u00f6inti rekrytointitapahtuman, joka kokosi Kemiin noin 800 henkil\u00f6\u00e4. Tapahtuma oli yksi suurimmista rekrytointitapahtumista, mit\u00e4 alueella oli j\u00e4rjestetty. Tapahtuman suunnittelu sai alkunsa ty\u00f6el\u00e4m\u00e4lle tehdyiss\u00e4 kartoituksista, jossa esille nousi huoli ty\u00f6voiman saatavuudesta nyt ja tulevina vuosina.<\/p>\n<p><a href=\"https:\/\/blogi.eoppimispalvelut.fi\/ekku\/files\/2018\/04\/M\u00e4ts\u00e4t\u00e4\u00e4n-p\u00f6yt\u00e4st\u00e4ndi1.png\"><img loading=\"lazy\" decoding=\"async\" class=\"alignnone size-medium wp-image-481\" src=\"https:\/\/blogi.eoppimispalvelut.fi\/ekku\/files\/2018\/04\/M\u00e4ts\u00e4t\u00e4\u00e4n-p\u00f6yt\u00e4st\u00e4ndi1-580x410.png\" alt=\"\" width=\"580\" height=\"410\" srcset=\"https:\/\/blogi.eoppimispalvelut.fi\/ekku\/files\/2018\/04\/M\u00e4ts\u00e4t\u00e4\u00e4n-p\u00f6yt\u00e4st\u00e4ndi1-580x410.png 580w, https:\/\/blogi.eoppimispalvelut.fi\/ekku\/files\/2018\/04\/M\u00e4ts\u00e4t\u00e4\u00e4n-p\u00f6yt\u00e4st\u00e4ndi1-768x543.png 768w, https:\/\/blogi.eoppimispalvelut.fi\/ekku\/files\/2018\/04\/M\u00e4ts\u00e4t\u00e4\u00e4n-p\u00f6yt\u00e4st\u00e4ndi1-940x665.png 940w\" sizes=\"auto, (max-width: 580px) 100vw, 580px\" \/><\/a><\/p>\n<p>Tapahtuman kohderyhm\u00e4n\u00e4 oli nuoret ja aikuiset, valmistuvat opiskelijat, ty\u00f6tt\u00f6m\u00e4t ty\u00f6nhakijat, opintonsa keskeytt\u00e4neet, opiskelupaikkaa vailla olevat ja alan vaihtajat.<\/p>\n<p>Tapahtumaan ilmoittautui mukaan 27 alueen yrityst\u00e4, joilla oli tarve saada ty\u00f6voimaa niin kes\u00e4t\u00f6ihin kuin vakituiseenkin ty\u00f6suhteeseen. Mukana oli my\u00f6s vuokrafirmoja, ty\u00f6llisyyshankkeita, ty\u00f6pajoja, s\u00e4\u00e4ti\u00f6it\u00e4, kuntia ja kaupunkeja.<\/p>\n<p><a href=\"https:\/\/blogi.eoppimispalvelut.fi\/ekku\/files\/2018\/04\/IMG_0371.jpg\"><img loading=\"lazy\" decoding=\"async\" class=\"alignnone size-medium wp-image-482\" src=\"https:\/\/blogi.eoppimispalvelut.fi\/ekku\/files\/2018\/04\/IMG_0371-580x387.jpg\" alt=\"\" width=\"580\" height=\"387\" srcset=\"https:\/\/blogi.eoppimispalvelut.fi\/ekku\/files\/2018\/04\/IMG_0371-580x387.jpg 580w, https:\/\/blogi.eoppimispalvelut.fi\/ekku\/files\/2018\/04\/IMG_0371-768x512.jpg 768w, https:\/\/blogi.eoppimispalvelut.fi\/ekku\/files\/2018\/04\/IMG_0371-940x627.jpg 940w\" sizes=\"auto, (max-width: 580px) 100vw, 580px\" \/><\/a><\/p>\n<p>Palaute ty\u00f6el\u00e4m\u00e4n edustajilta oli positiivista. Alla kahden yritt\u00e4j\u00e4n palaute suoraan lainattuna:<\/p>\n<p>&#8220;<b><i>Tapahtumassa vieraili todella paljon ihmisi\u00e4 ja k\u00e4vij\u00f6iden m\u00e4\u00e4r\u00e4 kyll\u00e4 yll\u00e4tti allekirjoittaneen positiivisesti&#8221; <\/i><\/b><\/p>\n<p><b><i>&#8220;Tapahtuma ylitti kyll\u00e4 odotukset ja hyvi\u00e4 hakemuksia saatiin! Kiitos, kun saimme olla mukana&#8221;<\/i><\/b><\/p>\n<p>Yritykset saivat paljon potentiaalisten tulevien ty\u00f6ntekij\u00f6iden yhteystietoja. Er\u00e4s yritys kertoi saaneensa 40:n ty\u00f6nhakijan yhteystiedot ja joidenkin ty\u00f6nhakijoiden kanssa oli jo sovittu tapaaminen. Yritykset p\u00e4\u00e4siv\u00e4t esittelem\u00e4\u00e4n yrityst\u00e4\u00e4n my\u00f6s laajalle yleis\u00f6lle tapahtuman juontajan Jari Vesan haastattelemana. Yrityksille oli t\u00e4rke\u00e4\u00e4 n\u00e4hd\u00e4 konkreettisesti se, mink\u00e4laisia muita yrityksi\u00e4\/tahoja alueellamme ty\u00f6skentelee. T\u00e4m\u00e4n sis\u00e4lt\u00f6ist\u00e4 tapahtumaa toivottiin jokavuotiseksi verkostojen yhteiseksi tapahtumaksi.<\/p>\n<p>Tapahtuma sai paljon tilaa mediassa. Tapahtumasta kerrottiin paikallisradiossa,- lehdiss\u00e4 ja -televisiossa.<\/p>\n<p>&nbsp;<\/p>\n<p><strong>Katso koostevideo tapahtumasta<\/strong><\/p>\n<p>[embedyt] https:\/\/www.youtube.com\/watch?v=KOGI7xnawyE[\/embedyt]<\/p>\n<p>&nbsp;<\/p>\n","protected":false},"excerpt":{"rendered":"<p>M\u00e4ts\u00e4t\u00e4\u00e4n ja r\u00e4\u00e4t\u00e4l\u00f6id\u00e4\u00e4n \u2013t\u00f6it\u00e4 tekeville \u2013tapahtuma EKKU-hanke toteutti tammikuussa 2018 M\u00e4ts\u00e4ys ja R\u00e4\u00e4t\u00e4l\u00f6inti rekrytointitapahtuman, joka kokosi Kemiin noin 800 henkil\u00f6\u00e4. Tapahtuma oli yksi suurimmista rekrytointitapahtumista, mit\u00e4 alueella oli j\u00e4rjestetty. Tapahtuman suunnittelu sai alkunsa ty\u00f6el\u00e4m\u00e4lle tehdyiss\u00e4 kartoituksista, jossa esille nousi huoli ty\u00f6voiman saatavuudesta nyt ja tulevina vuosina. Tapahtuman kohderyhm\u00e4n\u00e4 oli nuoret ja aikuiset, valmistuvat opiskelijat, ty\u00f6tt\u00f6m\u00e4t &hellip; <\/p>\n<p><a class=\"more-link btn\" href=\"https:\/\/blogi.eoppimispalvelut.fi\/ekku\/2018\/04\/24\/matsataan-ja-raataloidaan-tapahtumakooste\/\">Jatka lukemista<\/a><\/p>\n","protected":false},"author":1607,"featured_media":0,"comment_status":"closed","ping_status":"open","sticky":false,"template":"","format":"standard","meta":{"footnotes":""},"categories":[41764],"tags":[],"class_list":["post-480","post","type-post","status-publish","format-standard","hentry","category-yleinen","item-wrap"],"_links":{"self":[{"href":"https:\/\/blogi.eoppimispalvelut.fi\/ekku\/wp-json\/wp\/v2\/posts\/480","targetHints":{"allow":["GET"]}}],"collection":[{"href":"https:\/\/blogi.eoppimispalvelut.fi\/ekku\/wp-json\/wp\/v2\/posts"}],"about":[{"href":"https:\/\/blogi.eoppimispalvelut.fi\/ekku\/wp-json\/wp\/v2\/types\/post"}],"author":[{"embeddable":true,"href":"https:\/\/blogi.eoppimispalvelut.fi\/ekku\/wp-json\/wp\/v2\/users\/1607"}],"replies":[{"embeddable":true,"href":"https:\/\/blogi.eoppimispalvelut.fi\/ekku\/wp-json\/wp\/v2\/comments?post=480"}],"version-history":[{"count":3,"href":"https:\/\/blogi.eoppimispalvelut.fi\/ekku\/wp-json\/wp\/v2\/posts\/480\/revisions"}],"predecessor-version":[{"id":485,"href":"https:\/\/blogi.eoppimispalvelut.fi\/ekku\/wp-json\/wp\/v2\/posts\/480\/revisions\/485"}],"wp:attachment":[{"href":"https:\/\/blogi.eoppimispalvelut.fi\/ekku\/wp-json\/wp\/v2\/media?parent=480"}],"wp:term":[{"taxonomy":"category","embeddable":true,"href":"https:\/\/blogi.eoppimispalvelut.fi\/ekku\/wp-json\/wp\/v2\/categories?post=480"},{"taxonomy":"post_tag","embeddable":true,"href":"https:\/\/blogi.eoppimispalvelut.fi\/ekku\/wp-json\/wp\/v2\/tags?post=480"}],"curies":[{"name":"wp","href":"https:\/\/api.w.org\/{rel}","templated":true}]}}