{"id":1135,"date":"2013-01-14T12:42:37","date_gmt":"2013-01-14T09:42:37","guid":{"rendered":"https:\/\/blogi.eoppimispalvelut.fi\/elavalappi\/?p=1135"},"modified":"2013-01-15T12:21:13","modified_gmt":"2013-01-15T09:21:13","slug":"meneeko-viestimme-perille","status":"publish","type":"post","link":"https:\/\/blogi.eoppimispalvelut.fi\/elavalappi\/2013\/01\/14\/meneeko-viestimme-perille\/","title":{"rendered":"Meneek\u00f6 viestimme perille?"},"content":{"rendered":"<p style=\"text-align: justify\">El\u00e4v\u00e4 Lappi -hankkeen verkkoviestint\u00e4\u00e4n on panostettu alusta alkaen suunnitelmallisesti. Kotisivuilta l\u00f6ytyy muun muassa <a title=\"tietoa hankkeesta\" href=\"https:\/\/blogi.eoppimispalvelut.fi\/elavalappi\/\">tietoa hankkeesta<\/a> ja sen kahdesta eri pilottikohteesta, <a title=\"Rajalla Living Labista\" href=\"https:\/\/blogi.eoppimispalvelut.fi\/elavalappi\/rajalla-living-lab\/\">Rajalla Living Labista<\/a> ja <a title=\"Ounasvaara Living Labista\" href=\"https:\/\/blogi.eoppimispalvelut.fi\/elavalappi\/ounasvaara-living-lab\/\">Ounasvaara Living Labista<\/a>, <a title=\"ideoi ja kehit\u00e4 -osio\" href=\"https:\/\/blogi.eoppimispalvelut.fi\/elavalappi\/ideoi-ja-kehita\/\">ideoi ja kehit\u00e4 -osio<\/a>, jossa\u00a0 kuka vaan voi esitt\u00e4\u00e4 mielipiteit\u00e4\u00e4n koskien erilaisia kehitt\u00e4miskysymyksi\u00e4, sek\u00e4 tietysti my\u00f6s t\u00e4m\u00e4 blogi, jossa hankkeen toimijat ovat aktiivisesti jakaneet tiet\u00e4myst\u00e4\u00e4n, esitelleet alan uusia tuulia ja kertoneet hankkeen toiminnasta.<\/p>\n<p style=\"text-align: justify\"><img loading=\"lazy\" decoding=\"async\" class=\"alignleft size-medium wp-image-1143\" alt=\"Ela\u0308va\u0308 Lappi_blogikuva_YT1_2\" src=\"https:\/\/blogi.eoppimispalvelut.fi\/elavalappi\/files\/2013\/01\/Ela\u0308va\u0308-Lappi_blogikuva_YT1_2-300x247.jpg\" width=\"348\" height=\"286\" srcset=\"https:\/\/blogi.eoppimispalvelut.fi\/elavalappi\/files\/2013\/01\/Ela\u0308va\u0308-Lappi_blogikuva_YT1_2-300x247.jpg 300w, https:\/\/blogi.eoppimispalvelut.fi\/elavalappi\/files\/2013\/01\/Ela\u0308va\u0308-Lappi_blogikuva_YT1_2-1024x843.jpg 1024w\" sizes=\"auto, (max-width: 348px) 100vw, 348px\" \/>El\u00e4v\u00e4n Lapin verkkoviestint\u00e4\u00e4 on laajennettu my\u00f6s Facebookiin, jossa hankkeella on <a title=\"oma ryhm\u00e4\" href=\"https:\/\/www.facebook.com\/ElavaLappi\">oma ryhm\u00e4<\/a>, josta kuka vaan Facebookin k\u00e4ytt\u00e4j\u00e4 voi tyk\u00e4t\u00e4 ja siten seurata, mit\u00e4 El\u00e4v\u00e4n Lapin hankerintamalla milloinkin tapahtuu. Lis\u00e4ksi vuoden 2012 aikana hankkeen puitteissa tuotettiin jonkin verran videomateriaalia, joten syntyi my\u00f6s tarve <a title=\"oman YouTube-kanavan\" href=\"http:\/\/www.youtube.com\/user\/elavalappi\">oman YouTube-kanavan<\/a> avaamiseen.<\/p>\n<p style=\"text-align: justify\">El\u00e4v\u00e4 Lappi teki syksyll\u00e4 2012 yhteisty\u00f6t\u00e4 Kemi-Tornion ammattikorkeakoulun viestinn\u00e4n 1. vuosikurssin opiskelijoiden verkkoviestinn\u00e4n kurssin kanssa. Opiskelijoilla ei ollut aiempaa tiet\u00e4myst\u00e4 El\u00e4v\u00e4 Lappi -hankkeesta, ja he saivat teht\u00e4v\u00e4kseen tutustua pienryhmiss\u00e4 hankkeen verkkoviestint\u00e4\u00e4n t\u00e4st\u00e4 l\u00e4ht\u00f6kohdasta. Lis\u00e4ksi heid\u00e4n tuli eritell\u00e4 hankkeen verkkoviestinn\u00e4n hyvi\u00e4 ja huonoja puolia sek\u00e4 esitt\u00e4\u00e4 mahdollisia parannusehdotuksia.<\/p>\n<p style=\"text-align: justify\">Hyviin puoliin kuului ehdottomasti se, ett\u00e4 googlettamalla hakusanoilla \u201dEl\u00e4v\u00e4 Lappi\u201d l\u00f6ysi helposti sek\u00e4 hankkeen kotisivun ett\u00e4 Facebook-ryhm\u00e4n. YouTube-kanavan pariin oltiin eksytty harvemmin, mutta toisaalta, kaikki kanavalle ladatut videot on linkitetty my\u00f6s kotisivuille ja\/tai Facebookiin.<\/p>\n<p style=\"text-align: justify\">Hankekuvauksen osalta opiskelijaryhmien mielipiteet jakautuivat kahtia. Monelle j\u00e4i ep\u00e4selv\u00e4ksi, mist\u00e4 hankkeessa oikeasti oli kyse, mutta er\u00e4s hyvin perusteellista ty\u00f6t\u00e4 tehnyt ryhm\u00e4 kuitenkin mainitsi, ett\u00e4 ensimm\u00e4inen lause kotisivuilla kiteytti koko hankkeen idean. T\u00e4st\u00e4kin huolimatta lienee siis syyt\u00e4 pohtia, voisiko hankkeen p\u00e4\u00e4tarkoitus olla viel\u00e4kin n\u00e4kyv\u00e4mmin esill\u00e4 kotisivuilla navigoitaessa.<\/p>\n<p style=\"text-align: justify\">My\u00f6s sanaparit \u201dEl\u00e4v\u00e4 Lappi\u201d ja \u201dLiving Lab\u201d tuntuivat opiskelijoista hiukan ep\u00e4selvilt\u00e4 ja niit\u00e4 k\u00e4ytettiin usein synonyymein\u00e4 (<a title=\"ks. my\u00f6s blogikommentit\" href=\"https:\/\/blogi.eoppimispalvelut.fi\/elavalappi\/2012\/09\/25\/osallistumisen-tuskaa\/#comments\">ks. my\u00f6s blogikommentit<\/a>). Er\u00e4s ryhm\u00e4 esitti, ett\u00e4 kotisivuilla voisi olla esimerkiksi esittelyvideo siit\u00e4, mit\u00e4 Living Lab on\/tarkoittaa. Itse asiassa t\u00e4m\u00e4nlaista videop\u00e4tk\u00e4\u00e4 onkin jo suunniteltu toteutettavaksi, joten ehk\u00e4p\u00e4 sellaisen kotisivuiltamme l\u00f6yt\u00e4\u00e4 viel\u00e4 t\u00e4m\u00e4n vuoden puolella. \ud83d\ude09<\/p>\n<p style=\"text-align: justify\">El\u00e4v\u00e4n Lapin Facebook-ryhm\u00e4\u00e4n toivottiin lis\u00e4\u00e4 materiaalia ja tietoa hankkeesta. Kotisivuille puolestaan esitettiin kehitysehdotuksena kuvamateriaalin lis\u00e4\u00e4mist\u00e4 sivuston el\u00e4v\u00f6itt\u00e4miseksi. Opiskelijoille oli my\u00f6s her\u00e4nnyt kysymyksi\u00e4, muun muassa siit\u00e4, mihin hankkeeseen osallistumalla voi vaikuttaa ja tehd\u00e4\u00e4nk\u00f6 <img loading=\"lazy\" decoding=\"async\" class=\"alignright size-medium wp-image-1144\" alt=\"Ela\u0308va\u0308 Lappi_blogikuva_FB2_2\" src=\"https:\/\/blogi.eoppimispalvelut.fi\/elavalappi\/files\/2013\/01\/Ela\u0308va\u0308-Lappi_blogikuva_FB2_2-300x175.jpg\" width=\"404\" height=\"235\" \/>hankkeessa konkreettisesti yht\u00e4\u00e4n mit\u00e4\u00e4n.<\/p>\n<p style=\"text-align: justify\">Kuunneltuani opiskelijoiden esitykset minulle j\u00e4i sellainen tunne, ett\u00e4 he olivat pohtineet asioita siit\u00e4 n\u00e4k\u00f6kulmasta, ett\u00e4 he olisivat itse hankkeen viestinn\u00e4n potentiaalista kohderyhm\u00e4\u00e4. Oikeastihan El\u00e4v\u00e4n Lapin kotisivun nykyinen sis\u00e4lt\u00f6 palvelee p\u00e4\u00e4asiassa alueen yritt\u00e4jien tarpeita ja Facebook-ryhm\u00e4 puolestaan toimii enemm\u00e4n k\u00e4ytt\u00e4j\u00e4kehitt\u00e4jien mielipiteiden alustana.<\/p>\n<p style=\"text-align: justify\">Aiemmin mainitsemani kysymykset \u201dmihin hankkeeseen osallistumalla voi vaikuttaa\u201d ja \u201dtehd\u00e4\u00e4nk\u00f6 hankkeessa konkreettisesti yht\u00e4\u00e4n mit\u00e4\u00e4n\u201d ovat siis opiskelijoiden kannalta relevantteja, ja heille niihin voisi periaatteessa vastata \u201dei mihink\u00e4\u00e4n\u201d ja \u201dei\u201d. Tai ei ainakaan sill\u00e4 tavalla konkreettisesti, miten he sen ymm\u00e4rt\u00e4v\u00e4t. Me olemme tehneet aktiivisesti pohjaty\u00f6t\u00e4, jotta muilla (esimerkiksi yritt\u00e4jill\u00e4) olisi paremmat mahdollisuudet tehd\u00e4 jotain konkreettista asiakkaitaan osallistamalla.<\/p>\n<p style=\"text-align: justify\">El\u00e4v\u00e4 Lappi -hankkeessa on luotu toimintamalleja, joissa l\u00e4hestyt\u00e4\u00e4n yritysten kehitt\u00e4mist\u00e4 uudenlaisesta n\u00e4k\u00f6kulmasta, asiakkaiden ehdoilla \u2013 siis k\u00e4ytt\u00e4j\u00e4l\u00e4ht\u00f6isesti. T\u00e4ll\u00e4 hetkell\u00e4 se taitaa olla niin sanotusti konkreettista vasta meid\u00e4n hanketoimijoiden n\u00e4k\u00f6kulmasta, mutta tietysti toiveissa olisi, ett\u00e4 yritykset l\u00f6yt\u00e4isiv\u00e4t avullamme n\u00e4m\u00e4 uudet keinot kehitt\u00e4\u00e4 toimintaansa. Hankkeessa on luotu (yrityksille ilmaiseksi) puitteet, mutta alueen elinkeinoel\u00e4m\u00e4n \u201dvastuulla\u201d on sen konkretian luominen asiakkaita\/k\u00e4ytt\u00e4ji\u00e4 kuunnellen.<\/p>\n<p style=\"text-align: left\"><em>Minttu Merivirta, Kemi-Tornion ammattikorkeakoulu<\/em><\/p>\n","protected":false},"excerpt":{"rendered":"<p>El\u00e4v\u00e4 Lappi -hankkeen verkkoviestint\u00e4\u00e4n on panostettu alusta alkaen suunnitelmallisesti. Kotisivuilta l\u00f6ytyy muun muassa tietoa hankkeesta ja sen kahdesta eri pilottikohteesta, Rajalla Living Labista ja Ounasvaara Living Labista, ideoi ja kehit\u00e4 -osio, jossa\u00a0 kuka vaan voi esitt\u00e4\u00e4 mielipiteit\u00e4\u00e4n koskien erilaisia kehitt\u00e4miskysymyksi\u00e4, &hellip; <a href=\"https:\/\/blogi.eoppimispalvelut.fi\/elavalappi\/2013\/01\/14\/meneeko-viestimme-perille\/\">Continue reading <span class=\"meta-nav\">&rarr;<\/span><\/a><\/p>\n","protected":false},"author":594,"featured_media":0,"comment_status":"open","ping_status":"open","sticky":false,"template":"","format":"standard","meta":{"footnotes":""},"categories":[16013,1,96],"tags":[16016,16015,41584,41595],"class_list":["post-1135","post","type-post","status-publish","format-standard","hentry","category-elava-lappi","category-uncategorized","category-sosiaalinen-media","tag-elava-lappi-2","tag-living-lab","tag-sosiaalinen-media-2","tag-verkkoviestinta"],"_links":{"self":[{"href":"https:\/\/blogi.eoppimispalvelut.fi\/elavalappi\/wp-json\/wp\/v2\/posts\/1135","targetHints":{"allow":["GET"]}}],"collection":[{"href":"https:\/\/blogi.eoppimispalvelut.fi\/elavalappi\/wp-json\/wp\/v2\/posts"}],"about":[{"href":"https:\/\/blogi.eoppimispalvelut.fi\/elavalappi\/wp-json\/wp\/v2\/types\/post"}],"author":[{"embeddable":true,"href":"https:\/\/blogi.eoppimispalvelut.fi\/elavalappi\/wp-json\/wp\/v2\/users\/594"}],"replies":[{"embeddable":true,"href":"https:\/\/blogi.eoppimispalvelut.fi\/elavalappi\/wp-json\/wp\/v2\/comments?post=1135"}],"version-history":[{"count":6,"href":"https:\/\/blogi.eoppimispalvelut.fi\/elavalappi\/wp-json\/wp\/v2\/posts\/1135\/revisions"}],"predecessor-version":[{"id":1141,"href":"https:\/\/blogi.eoppimispalvelut.fi\/elavalappi\/wp-json\/wp\/v2\/posts\/1135\/revisions\/1141"}],"wp:attachment":[{"href":"https:\/\/blogi.eoppimispalvelut.fi\/elavalappi\/wp-json\/wp\/v2\/media?parent=1135"}],"wp:term":[{"taxonomy":"category","embeddable":true,"href":"https:\/\/blogi.eoppimispalvelut.fi\/elavalappi\/wp-json\/wp\/v2\/categories?post=1135"},{"taxonomy":"post_tag","embeddable":true,"href":"https:\/\/blogi.eoppimispalvelut.fi\/elavalappi\/wp-json\/wp\/v2\/tags?post=1135"}],"curies":[{"name":"wp","href":"https:\/\/api.w.org\/{rel}","templated":true}]}}