{"id":1242,"date":"2013-04-08T10:50:21","date_gmt":"2013-04-08T07:50:21","guid":{"rendered":"https:\/\/blogi.eoppimispalvelut.fi\/elavalappi\/?p=1242"},"modified":"2013-04-18T10:32:21","modified_gmt":"2013-04-18T07:32:21","slug":"varaa-kalenteriin-7-5-2013","status":"publish","type":"post","link":"https:\/\/blogi.eoppimispalvelut.fi\/elavalappi\/2013\/04\/08\/varaa-kalenteriin-7-5-2013\/","title":{"rendered":"Varaa kalenteriin 7.5.2013!"},"content":{"rendered":"<p>Tervetuloa mukaan El\u00e4v\u00e4 Lappi \u2013hankkeen j\u00e4rjest\u00e4m\u00e4\u00e4n seminaariin, jonka aiheena on k\u00e4ytt\u00e4j\u00e4l\u00e4ht\u00f6iset liiketoimintapalvelut. Seminaari j\u00e4rjestet\u00e4\u00e4n Torniossa, VPK:n talolla (<a href=\"http:\/\/maps.google.fi\/maps?q=It%C3%A4ranta+6,+Tornio&amp;hl=fi&amp;ie=UTF8&amp;sll=66.66995,26.031775&amp;sspn=1.790597,4.938354&amp;oq=it%C3%A4ranta+6+&amp;hnear=It%C3%A4ranta+6,+Tornio&amp;t=m&amp;z=16\" target=\"_blank\">It\u00e4ranta 6<\/a>) tiistaina 7.5. klo 9.30-14.00.<\/p>\n<p>Seminaari on El\u00e4v\u00e4n Lapin loppuseminaari, joka kokoaa yhteen hankkeen tuloksia sek\u00e4 tarjoaa hedelm\u00e4isten aamupirtel\u00f6iden lis\u00e4ksi n\u00e4k\u00f6kulmia ostos-, liikunta- ja luontomatkailun k\u00e4ytt\u00e4j\u00e4l\u00e4ht\u00f6isten liiketoimintapalveluiden kehitt\u00e4miseen. Keynote-puhujina seminaarissa ovat Jyrki Vanamo, huiman suosion saaneen <a href=\"http:\/\/www.restaurantday.org\/fi\/\" target=\"_blank\">Ravintolap\u00e4iv\u00e4n<\/a> teknologiajohtaja sek\u00e4 Reetta Koski, ideoija ja oivalluttaja <a href=\"http:\/\/www.ideapakka.fi\/\" target=\"_blank\">Ideakoski<\/a> yrityksest\u00e4. Lis\u00e4ksi Reetta vet\u00e4\u00e4 seminaarissa Talkshow-osion, jossa Living Lab \u2013toiminnan aktiiviset osapuolet &#8211; mahdollistaja, hy\u00f6dynt\u00e4j\u00e4, kehitt\u00e4j\u00e4 ja opiskelijat &#8211; p\u00e4\u00e4sev\u00e4t \u00e4\u00e4neen.<\/p>\n<p>Seminaariin ilmoittautuminen avautuu piakkoin. Lis\u00e4tietoa ilmoittautumisesta ja seminaarista p\u00e4ivitet\u00e4\u00e4n <a href=\"https:\/\/www.facebook.com\/ElavaLappi?fref=ts.\" target=\"_blank\">El\u00e4v\u00e4n Lapin Facebook-sivulle<\/a>.<\/p>\n<p><a href=\"https:\/\/blogi.eoppimispalvelut.fi\/elavalappi\/files\/2011\/01\/KUTSU_elavalappi_seminaari_kortti.jpg\"><img loading=\"lazy\" decoding=\"async\" class=\"aligncenter size-full wp-image-1253\" alt=\"KUTSU_elavalappi_seminaari_kortti\" src=\"https:\/\/blogi.eoppimispalvelut.fi\/elavalappi\/files\/2011\/01\/KUTSU_elavalappi_seminaari_kortti.jpg\" width=\"800\" height=\"724\" srcset=\"https:\/\/blogi.eoppimispalvelut.fi\/elavalappi\/files\/2011\/01\/KUTSU_elavalappi_seminaari_kortti.jpg 800w, https:\/\/blogi.eoppimispalvelut.fi\/elavalappi\/files\/2011\/01\/KUTSU_elavalappi_seminaari_kortti-300x271.jpg 300w\" sizes=\"auto, (max-width: 800px) 100vw, 800px\" \/><\/a><\/p>\n<p>&nbsp;<\/p>\n<p><a href=\"https:\/\/blogi.eoppimispalvelut.fi\/elavalappi\/files\/2012\/10\/kuplarivi.png\"><img loading=\"lazy\" decoding=\"async\" class=\"aligncenter size-full wp-image-1082\" alt=\"kuplarivi\" src=\"https:\/\/blogi.eoppimispalvelut.fi\/elavalappi\/files\/2012\/10\/kuplarivi.png\" width=\"3644\" height=\"200\" srcset=\"https:\/\/blogi.eoppimispalvelut.fi\/elavalappi\/files\/2012\/10\/kuplarivi.png 3644w, https:\/\/blogi.eoppimispalvelut.fi\/elavalappi\/files\/2012\/10\/kuplarivi-300x16.png 300w, https:\/\/blogi.eoppimispalvelut.fi\/elavalappi\/files\/2012\/10\/kuplarivi-1024x56.png 1024w\" sizes=\"auto, (max-width: 3644px) 100vw, 3644px\" \/><\/a><\/p>\n","protected":false},"excerpt":{"rendered":"<p>Tervetuloa mukaan El\u00e4v\u00e4 Lappi \u2013hankkeen j\u00e4rjest\u00e4m\u00e4\u00e4n seminaariin, jonka aiheena on k\u00e4ytt\u00e4j\u00e4l\u00e4ht\u00f6iset liiketoimintapalvelut. Seminaari j\u00e4rjestet\u00e4\u00e4n Torniossa, VPK:n talolla (It\u00e4ranta 6) tiistaina 7.5. klo 9.30-14.00. Seminaari on El\u00e4v\u00e4n Lapin loppuseminaari, joka kokoaa yhteen hankkeen tuloksia sek\u00e4 tarjoaa hedelm\u00e4isten aamupirtel\u00f6iden lis\u00e4ksi n\u00e4k\u00f6kulmia ostos-, &hellip; <a href=\"https:\/\/blogi.eoppimispalvelut.fi\/elavalappi\/2013\/04\/08\/varaa-kalenteriin-7-5-2013\/\">Continue reading <span class=\"meta-nav\">&rarr;<\/span><\/a><\/p>\n","protected":false},"author":244,"featured_media":0,"comment_status":"open","ping_status":"open","sticky":false,"template":"","format":"standard","meta":{"footnotes":""},"categories":[1],"tags":[],"class_list":["post-1242","post","type-post","status-publish","format-standard","hentry","category-uncategorized"],"_links":{"self":[{"href":"https:\/\/blogi.eoppimispalvelut.fi\/elavalappi\/wp-json\/wp\/v2\/posts\/1242","targetHints":{"allow":["GET"]}}],"collection":[{"href":"https:\/\/blogi.eoppimispalvelut.fi\/elavalappi\/wp-json\/wp\/v2\/posts"}],"about":[{"href":"https:\/\/blogi.eoppimispalvelut.fi\/elavalappi\/wp-json\/wp\/v2\/types\/post"}],"author":[{"embeddable":true,"href":"https:\/\/blogi.eoppimispalvelut.fi\/elavalappi\/wp-json\/wp\/v2\/users\/244"}],"replies":[{"embeddable":true,"href":"https:\/\/blogi.eoppimispalvelut.fi\/elavalappi\/wp-json\/wp\/v2\/comments?post=1242"}],"version-history":[{"count":3,"href":"https:\/\/blogi.eoppimispalvelut.fi\/elavalappi\/wp-json\/wp\/v2\/posts\/1242\/revisions"}],"predecessor-version":[{"id":1256,"href":"https:\/\/blogi.eoppimispalvelut.fi\/elavalappi\/wp-json\/wp\/v2\/posts\/1242\/revisions\/1256"}],"wp:attachment":[{"href":"https:\/\/blogi.eoppimispalvelut.fi\/elavalappi\/wp-json\/wp\/v2\/media?parent=1242"}],"wp:term":[{"taxonomy":"category","embeddable":true,"href":"https:\/\/blogi.eoppimispalvelut.fi\/elavalappi\/wp-json\/wp\/v2\/categories?post=1242"},{"taxonomy":"post_tag","embeddable":true,"href":"https:\/\/blogi.eoppimispalvelut.fi\/elavalappi\/wp-json\/wp\/v2\/tags?post=1242"}],"curies":[{"name":"wp","href":"https:\/\/api.w.org\/{rel}","templated":true}]}}