{"id":1265,"date":"2013-05-14T10:30:30","date_gmt":"2013-05-14T07:30:30","guid":{"rendered":"https:\/\/blogi.eoppimispalvelut.fi\/elavalappi\/?p=1265"},"modified":"2013-05-21T15:15:06","modified_gmt":"2013-05-21T12:15:06","slug":"innovaatioseminaari-tarjosi-oivalluksia-ideointiin-alan-huipuilta","status":"publish","type":"post","link":"https:\/\/blogi.eoppimispalvelut.fi\/elavalappi\/2013\/05\/14\/innovaatioseminaari-tarjosi-oivalluksia-ideointiin-alan-huipuilta\/","title":{"rendered":"Innovaatioseminaari tarjosi oivalluksia ideointiin alan huipuilta"},"content":{"rendered":"<div id=\"attachment_1267\" style=\"width: 294px\" class=\"wp-caption alignright\"><a href=\"https:\/\/blogi.eoppimispalvelut.fi\/elavalappi\/files\/2013\/05\/Marika-Saranne.jpg\"><img loading=\"lazy\" decoding=\"async\" aria-describedby=\"caption-attachment-1267\" class=\"size-medium wp-image-1267    \" alt=\"Projektip\u00e4\u00e4llikk\u00f6 Marika Saranne avasi seminaarin.\" src=\"https:\/\/blogi.eoppimispalvelut.fi\/elavalappi\/files\/2013\/05\/Marika-Saranne-300x200.jpg\" width=\"284\" height=\"190\" srcset=\"https:\/\/blogi.eoppimispalvelut.fi\/elavalappi\/files\/2013\/05\/Marika-Saranne-300x200.jpg 300w, https:\/\/blogi.eoppimispalvelut.fi\/elavalappi\/files\/2013\/05\/Marika-Saranne-1024x682.jpg 1024w\" sizes=\"auto, (max-width: 284px) 100vw, 284px\" \/><\/a><p id=\"caption-attachment-1267\" class=\"wp-caption-text\">Projektip\u00e4\u00e4llikk\u00f6 Marika Saranne avasi El\u00e4v\u00e4 Lappi -hankkeen innovaatioseminaarin Tornion VPK:n talossa.<\/p><\/div>\n<p style=\"text-align: justify\">Tiistaina 7.5.2013 j\u00e4rjestetyss\u00e4 El\u00e4v\u00e4 Lappi -hankkeen loppuseminaarissa keskeisen\u00e4 teemana oli innovaatiot \u2013 niin erilaiset innovaatio-oivallukset kuin my\u00f6s erilaiset tavat innovoida ja oivaltaa. Torniossa, VPK:n talossa j\u00e4rjestetty seminaari py\u00f6r\u00e4hti k\u00e4yntiin raikkailla hedelm\u00e4smoothieilla, ja hankkeen projektip\u00e4\u00e4llikk\u00f6<strong> Marika Saranne<\/strong> toivotti osallistujat tervetulleiksi tapahtumaan.<\/p>\n<div id=\"attachment_1274\" style=\"width: 310px\" class=\"wp-caption alignleft\"><a href=\"https:\/\/blogi.eoppimispalvelut.fi\/elavalappi\/files\/2013\/05\/Jyrki-Vanamo.jpg\"><img loading=\"lazy\" decoding=\"async\" aria-describedby=\"caption-attachment-1274\" class=\"size-medium wp-image-1274 \" alt=\"Ravintolap\u00e4iv\u00e4n edustaja Jyrki Vanamo muistutti internetin voimasta ihmisten osallistamisen apuna.\" src=\"https:\/\/blogi.eoppimispalvelut.fi\/elavalappi\/files\/2013\/05\/Jyrki-Vanamo-300x200.jpg\" width=\"300\" height=\"200\" srcset=\"https:\/\/blogi.eoppimispalvelut.fi\/elavalappi\/files\/2013\/05\/Jyrki-Vanamo-300x200.jpg 300w, https:\/\/blogi.eoppimispalvelut.fi\/elavalappi\/files\/2013\/05\/Jyrki-Vanamo-1024x682.jpg 1024w\" sizes=\"auto, (max-width: 300px) 100vw, 300px\" \/><\/a><p id=\"caption-attachment-1274\" class=\"wp-caption-text\">Ravintolap\u00e4iv\u00e4n edustaja Jyrki Vanamo muistutti internetin voimasta ihmisten osallistamisen apuna.<\/p><\/div>\n<p style=\"text-align: justify\">Ensimm\u00e4isen\u00e4 lavalle nousi <strong>Jyrki Vanamo<\/strong>, joka on ollut j\u00e4rjest\u00e4m\u00e4ss\u00e4 huimaan suosioon noussutta <a title=\"Ravintolap\u00e4iv\u00e4-tapahtumaa\" href=\"http:\/\/www.restaurantday.org\/fi\/\">Ravintolap\u00e4iv\u00e4-tapahtumaa<\/a>.\u00a0 Ravin-tolap\u00e4iv\u00e4 on hyv\u00e4 esimerkki siit\u00e4, kuinka pienen kaveriporukan alulle panema, alun perin kansalaistottelemattomuusp\u00e4iv\u00e4ksi suunniteltu tapahtuma nousi <a title=\"sosiaalisen median v\u00e4lityksell\u00e4\" href=\"https:\/\/www.facebook.com\/ravintolapaiva\">sosiaalisen median v\u00e4lityksell\u00e4<\/a> koko kansan huulille ja sittemmin jopa maailmanlaajuiseksi tapahtumaksi. Vanamo painottikin, ett\u00e4 nykyaikana erilaisista asioista ja tapahtumista voidaan tehd\u00e4 ilmi\u00f6it\u00e4 juuri internetin kautta. Sosiaalisen median sovellukset tarjoavat my\u00f6s yhden ratkaisun siihen, miten ihmisi\u00e4 voidaan osallistaa ihan nollabudjetillakin.<\/p>\n<div id=\"attachment_1271\" style=\"width: 334px\" class=\"wp-caption alignleft\"><a href=\"https:\/\/blogi.eoppimispalvelut.fi\/elavalappi\/files\/2013\/05\/talk-show.jpg\"><img loading=\"lazy\" decoding=\"async\" aria-describedby=\"caption-attachment-1271\" class=\"size-medium wp-image-1271 \" alt=\"Talk show\u2019ssa keskusteltiin hankkeen annista eri osallistujille (k\u00e4ytt\u00e4j\u00e4, kehitt\u00e4j\u00e4, hy\u00f6dynt\u00e4j\u00e4, mahdollistaja).. \" src=\"https:\/\/blogi.eoppimispalvelut.fi\/elavalappi\/files\/2013\/05\/talk-show-300x200.jpg\" width=\"324\" height=\"216\" srcset=\"https:\/\/blogi.eoppimispalvelut.fi\/elavalappi\/files\/2013\/05\/talk-show-300x200.jpg 300w, https:\/\/blogi.eoppimispalvelut.fi\/elavalappi\/files\/2013\/05\/talk-show-1024x682.jpg 1024w\" sizes=\"auto, (max-width: 324px) 100vw, 324px\" \/><\/a><p id=\"caption-attachment-1271\" class=\"wp-caption-text\">Talk show\u2019ssa keskusteltiin hankkeen annista eri osallistujille (k\u00e4ytt\u00e4j\u00e4, kehitt\u00e4j\u00e4, hy\u00f6dynt\u00e4j\u00e4, mahdollistaja).<\/p><\/div>\n<p style=\"text-align: justify\">Iltap\u00e4iv\u00e4 k\u00e4ynnistettiin talk show\u2019lla, jossa \u00e4\u00e4neen p\u00e4\u00e4siv\u00e4t El\u00e4v\u00e4 Lappi -hankkeen eri osapuolten (k\u00e4ytt\u00e4j\u00e4, kehitt\u00e4j\u00e4, hy\u00f6dynt\u00e4j\u00e4, mahdollistaja) edustajat. Keskustelua ohjasi <strong>Reetta Koski<\/strong> <a title=\"Ideakoski Ky:st\u00e4\" href=\"http:\/\/www.ideapakka.fi\/p\/ideakoski.html\">Ideakoski Ky:st\u00e4<\/a>, ja osallistujina paneelikeskustelussa n\u00e4htiin Rajalla P\u00e5 Gr\u00e4nsen -kauppa-keskuksen johtaja <strong>Jukka Korpim\u00e4ki<\/strong>, Team Botnian toimitusjohtaja <strong>Risto Alaheikka<\/strong>, palvelumuotoilun ja yhteis-kehitt\u00e4misen asiantuntija <strong>Essi Kuure<\/strong> Lapin yliopistosta sek\u00e4 opiskelijat <strong>Heidi Pikkuhookana<\/strong> (KTAMK) ja <strong>Miika Tuominen<\/strong> (RAMK). Talk show\u2019ssa painottui muun muassa se, miten eri toimijat ovat henkil\u00f6kohtaisesti hy\u00f6tyneet hankkeen kehitt\u00e4misteht\u00e4vien toteutuksesta ja tuloksista. Lis\u00e4ksi keskustelussa nousi voimakkaasti esiin koulutuksen ja ty\u00f6el\u00e4m\u00e4n yhdist\u00e4minen k\u00e4yt\u00e4nn\u00f6nl\u00e4heisten ja k\u00e4ytt\u00e4j\u00e4keskeisten kehitt\u00e4misteht\u00e4vien avulla.<\/p>\n<div id=\"attachment_1269\" style=\"width: 310px\" class=\"wp-caption alignright\"><a href=\"https:\/\/blogi.eoppimispalvelut.fi\/elavalappi\/files\/2013\/05\/Reetta-Koski.jpg\"><img loading=\"lazy\" decoding=\"async\" aria-describedby=\"caption-attachment-1269\" class=\"size-medium wp-image-1269 \" alt=\"Ideoija ja oivalluttaja Reetta Koski tarjosi seminaariv\u00e4elle erilaisia menetelmi\u00e4 innovointiin arjessa ja ty\u00f6ss\u00e4.\" src=\"https:\/\/blogi.eoppimispalvelut.fi\/elavalappi\/files\/2013\/05\/Reetta-Koski-300x200.jpg\" width=\"300\" height=\"200\" srcset=\"https:\/\/blogi.eoppimispalvelut.fi\/elavalappi\/files\/2013\/05\/Reetta-Koski-300x200.jpg 300w, https:\/\/blogi.eoppimispalvelut.fi\/elavalappi\/files\/2013\/05\/Reetta-Koski-1024x682.jpg 1024w\" sizes=\"auto, (max-width: 300px) 100vw, 300px\" \/><\/a><p id=\"caption-attachment-1269\" class=\"wp-caption-text\">Ideoija ja oivalluttaja Reetta Koski tarjosi seminaariv\u00e4elle erilaisia menetelmi\u00e4 innovointiin arjessa ja ty\u00f6ss\u00e4.<\/p><\/div>\n<div id=\"attachment_1272\" style=\"width: 310px\" class=\"wp-caption alignleft\"><a href=\"https:\/\/blogi.eoppimispalvelut.fi\/elavalappi\/files\/2013\/05\/yleis\u00f6.jpg\"><img loading=\"lazy\" decoding=\"async\" aria-describedby=\"caption-attachment-1272\" class=\"size-medium wp-image-1272 \" alt=\"Uudenlaiset innovointitekniikat otettiin yleis\u00f6ss\u00e4 vastaan hymyss\u00e4 suin.\" src=\"https:\/\/blogi.eoppimispalvelut.fi\/elavalappi\/files\/2013\/05\/yleis\u00f6-300x200.jpg\" width=\"300\" height=\"200\" srcset=\"https:\/\/blogi.eoppimispalvelut.fi\/elavalappi\/files\/2013\/05\/yleis\u00f6-300x200.jpg 300w, https:\/\/blogi.eoppimispalvelut.fi\/elavalappi\/files\/2013\/05\/yleis\u00f6-1024x682.jpg 1024w\" sizes=\"auto, (max-width: 300px) 100vw, 300px\" \/><\/a><p id=\"caption-attachment-1272\" class=\"wp-caption-text\">Uudenlaiset innovointitekniikat otettiin yleis\u00f6ss\u00e4 vastaan hymyss\u00e4 suin.<\/p><\/div>\n<p style=\"text-align: justify\">Lopuksi l\u00e4hdettiin uudenlaisen innovoinnin maailmaan, kun kokenut ideoija ja oivalluttaja sek\u00e4 <a title=\"Ideapakan\" href=\"http:\/\/www.ideapakka.fi\/p\/mika-ihmeen-ideapakka.html\">Ideapakan<\/a> kehitt\u00e4j\u00e4 <a title=\"Reetta Koski (Ideakoski Ky) \" href=\"https:\/\/www.facebook.com\/ideapakka?fref=ts\">Reetta Koski (Ideakoski Ky) <\/a>jakoi seminaarin osallistujille vinkkej\u00e4, mink\u00e4laisia keinoja ideoinnin tehostamiseen voidaan k\u00e4ytt\u00e4\u00e4. Koski korosti, ett\u00e4 suurin yksitt\u00e4inen syy uuden idean syntyyn on sattuma, jonka lis\u00e4ksi yleisi\u00e4 innovoinnin l\u00e4ht\u00f6kohtia ovat esimerkiksi henkil\u00f6kohtainen kiinnostus jotain asiaa kohtaan tai jossain tuotteessa\/palvelussa havaittu ep\u00e4kohta. Seminaarin osallistujat p\u00e4\u00e4siv\u00e4t kokeilemaan erilaisia innovointitekniikoita ihan k\u00e4yt\u00e4nn\u00f6ss\u00e4kin, esimerkiksi Disney-ideointia, sana-assosiaatioita sek\u00e4 uuden k\u00e4ytt\u00f6tarkoituksen ideointia tutuille tuotteille.<\/p>\n<div id=\"attachment_1273\" style=\"width: 393px\" class=\"wp-caption alignright\"><a href=\"https:\/\/blogi.eoppimispalvelut.fi\/elavalappi\/files\/2013\/05\/julkaisu.jpg\"><img loading=\"lazy\" decoding=\"async\" aria-describedby=\"caption-attachment-1273\" class=\"size-medium wp-image-1273 \" alt=\"julkaSeminaarin osallistujille oli tarjolla tuoreita hedelmi\u00e4 ja lis\u00e4ksi El\u00e4v\u00e4n Lapin uunituore loppujulkaisu.\" src=\"https:\/\/blogi.eoppimispalvelut.fi\/elavalappi\/files\/2013\/05\/julkaisu-300x200.jpg\" width=\"383\" height=\"255\" srcset=\"https:\/\/blogi.eoppimispalvelut.fi\/elavalappi\/files\/2013\/05\/julkaisu-300x200.jpg 300w, https:\/\/blogi.eoppimispalvelut.fi\/elavalappi\/files\/2013\/05\/julkaisu-1024x682.jpg 1024w\" sizes=\"auto, (max-width: 383px) 100vw, 383px\" \/><\/a><p id=\"caption-attachment-1273\" class=\"wp-caption-text\">Seminaarin osallistujille oli tarjolla tuoreita hedelmi\u00e4 ja lis\u00e4ksi El\u00e4v\u00e4n Lapin uunituore loppujulkaisu.<\/p><\/div>\n<div id=\"attachment_1268\" style=\"width: 310px\" class=\"wp-caption alignleft\"><a href=\"https:\/\/blogi.eoppimispalvelut.fi\/elavalappi\/files\/2013\/05\/palaute.jpg\"><img loading=\"lazy\" decoding=\"async\" aria-describedby=\"caption-attachment-1268\" class=\"size-medium wp-image-1268 \" alt=\"Seminaarin teeman mukaisesti my\u00f6s palautteen ker\u00e4\u00e4misess\u00e4 k\u00e4ytettiin innovatiivisia menetelmi\u00e4.\" src=\"https:\/\/blogi.eoppimispalvelut.fi\/elavalappi\/files\/2013\/05\/palaute-300x200.jpg\" width=\"300\" height=\"200\" srcset=\"https:\/\/blogi.eoppimispalvelut.fi\/elavalappi\/files\/2013\/05\/palaute-300x200.jpg 300w, https:\/\/blogi.eoppimispalvelut.fi\/elavalappi\/files\/2013\/05\/palaute-1024x682.jpg 1024w\" sizes=\"auto, (max-width: 300px) 100vw, 300px\" \/><\/a><p id=\"caption-attachment-1268\" class=\"wp-caption-text\">Seminaarin teeman mukaisesti my\u00f6s palautteen ker\u00e4\u00e4misess\u00e4 k\u00e4ytettiin innovatiivisia menetelmi\u00e4.<\/p><\/div>\n<p style=\"text-align: justify\">Innovaatioseminaarin yhteydess\u00e4 esiteltiin my\u00f6s El\u00e4v\u00e4 Lappi -hankkeen loppujulkaisu <a title=\"Tee-se-itse-YHDESS\u00c4 \u2013 K\u00e4ytt\u00e4j\u00e4l\u00e4ht\u00f6isyydell\u00e4 ja Living Lab -toiminnalla kohti El\u00e4v\u00e4\u00e4 Lappia\" href=\"http:\/\/www.tokem.fi\/Suomeksi\/Tutkimus_ja_kehitys\/Julkaisut\/Julkaisusarjat\/Sarja_B._Raportit_ja_selvitykset.iw3?itemid=1615&amp;showlocation=d6386ea4-17a2-4264-a8e3-7e062125aed5http:\/\/\"><strong><i>Tee-se-<span style=\"text-decoration: line-through\">itse<\/span>-YHDESS\u00c4 \u2013 K\u00e4ytt\u00e4j\u00e4l\u00e4ht\u00f6isyydell\u00e4 ja Living Lab -toiminnalla kohti El\u00e4v\u00e4\u00e4 Lappia<\/i><\/strong><\/a><i> <\/i>(toim. Minttu Merivirta). Julkaisu toimii matkaoppaana Living Lab -toiminnan toteutukseen ja sis\u00e4lt\u00e4\u00e4 El\u00e4v\u00e4 Lappi -hankkeen toimijoiden kokemuksia ja arviointia hankkeen tulosten saavuttamisesta. Julkaisussa esitell\u00e4\u00e4n hankkeen ja k\u00e4ytt\u00e4j\u00e4l\u00e4ht\u00f6isen Living Lab -toiminnan l\u00e4ht\u00f6kohtia sek\u00e4 kaksi hankkeessa toteutettua pilottia, Rajalla Living Lab ja Ounasvaara Living Lab. T\u00e4m\u00e4n lis\u00e4ksi k\u00e4sitell\u00e4\u00e4n hankkeessa luotua Living Lab -toimintamallia, pohditaan yhteiskehitt\u00e4misen mahdollisuuksia verkon kautta, jaetaan kokemuksia sosiaalisen median ty\u00f6kalujen hy\u00f6dynt\u00e4misest\u00e4 sek\u00e4 kokeilluista sitouttamis- ja palkitsemismenetelmist\u00e4. Lopuksi viel\u00e4 esitell\u00e4\u00e4n El\u00e4v\u00e4 Lappi -hankkeen puitteissa toteutettuja kehitt\u00e4misteht\u00e4vi\u00e4 sek\u00e4 tehd\u00e4\u00e4n katsaus Living Lab -toiminnan tulevaisuuteen.<\/p>\n<p style=\"text-align: justify\"><strong>El\u00e4v\u00e4 Lappi -hankkeen toimijat toivottavat kaikille yhteiskehitt\u00e4misest\u00e4 ja Living Lab -toiminnasta kiinnostuneille oikein antoisia lukuhetki\u00e4 teoksemme parissa!<\/strong><\/p>\n<p style=\"text-align: justify\"><a title=\"Lis\u00e4\u00e4 seminaarin tunnelmia Facebook-sivun valokuva-albumissa.\" href=\"https:\/\/www.facebook.com\/media\/set\/?set=a.566733593346955.1073741826.262394637114187&amp;type=1\">Lis\u00e4\u00e4 seminaarin tunnelmia Facebook-sivun valokuva-albumissa.<\/a><\/p>\n<p style=\"text-align: justify\"><a title=\"Reetta Koski Yle Per\u00e4meren haastattelussa seminaarin yhteydess\u00e4.\" href=\"http:\/\/yle.fi\/uutiset\/oivalluttaja_onkii_ideat_esille\/6630739\">Reetta Koski Yle Per\u00e4meren haastattelussa seminaarin yhteydess\u00e4.<\/a><\/p>\n","protected":false},"excerpt":{"rendered":"<p>Tiistaina 7.5.2013 j\u00e4rjestetyss\u00e4 El\u00e4v\u00e4 Lappi -hankkeen loppuseminaarissa keskeisen\u00e4 teemana oli innovaatiot \u2013 niin erilaiset innovaatio-oivallukset kuin my\u00f6s erilaiset tavat innovoida ja oivaltaa. Torniossa, VPK:n talossa j\u00e4rjestetty seminaari py\u00f6r\u00e4hti k\u00e4yntiin raikkailla hedelm\u00e4smoothieilla, ja hankkeen projektip\u00e4\u00e4llikk\u00f6 Marika Saranne toivotti osallistujat tervetulleiksi tapahtumaan. &hellip; <a href=\"https:\/\/blogi.eoppimispalvelut.fi\/elavalappi\/2013\/05\/14\/innovaatioseminaari-tarjosi-oivalluksia-ideointiin-alan-huipuilta\/\">Continue reading <span class=\"meta-nav\">&rarr;<\/span><\/a><\/p>\n","protected":false},"author":594,"featured_media":0,"comment_status":"open","ping_status":"open","sticky":false,"template":"","format":"standard","meta":{"footnotes":""},"categories":[1],"tags":[],"class_list":["post-1265","post","type-post","status-publish","format-standard","hentry","category-uncategorized"],"_links":{"self":[{"href":"https:\/\/blogi.eoppimispalvelut.fi\/elavalappi\/wp-json\/wp\/v2\/posts\/1265","targetHints":{"allow":["GET"]}}],"collection":[{"href":"https:\/\/blogi.eoppimispalvelut.fi\/elavalappi\/wp-json\/wp\/v2\/posts"}],"about":[{"href":"https:\/\/blogi.eoppimispalvelut.fi\/elavalappi\/wp-json\/wp\/v2\/types\/post"}],"author":[{"embeddable":true,"href":"https:\/\/blogi.eoppimispalvelut.fi\/elavalappi\/wp-json\/wp\/v2\/users\/594"}],"replies":[{"embeddable":true,"href":"https:\/\/blogi.eoppimispalvelut.fi\/elavalappi\/wp-json\/wp\/v2\/comments?post=1265"}],"version-history":[{"count":25,"href":"https:\/\/blogi.eoppimispalvelut.fi\/elavalappi\/wp-json\/wp\/v2\/posts\/1265\/revisions"}],"predecessor-version":[{"id":1379,"href":"https:\/\/blogi.eoppimispalvelut.fi\/elavalappi\/wp-json\/wp\/v2\/posts\/1265\/revisions\/1379"}],"wp:attachment":[{"href":"https:\/\/blogi.eoppimispalvelut.fi\/elavalappi\/wp-json\/wp\/v2\/media?parent=1265"}],"wp:term":[{"taxonomy":"category","embeddable":true,"href":"https:\/\/blogi.eoppimispalvelut.fi\/elavalappi\/wp-json\/wp\/v2\/categories?post=1265"},{"taxonomy":"post_tag","embeddable":true,"href":"https:\/\/blogi.eoppimispalvelut.fi\/elavalappi\/wp-json\/wp\/v2\/tags?post=1265"}],"curies":[{"name":"wp","href":"https:\/\/api.w.org\/{rel}","templated":true}]}}