{"id":221,"date":"2011-05-26T05:31:20","date_gmt":"2011-05-26T05:31:20","guid":{"rendered":"https:\/\/blogi.eoppimispalvelut.fi\/elavalappi\/?p=221"},"modified":"2011-10-17T12:57:51","modified_gmt":"2011-10-17T12:57:51","slug":"mika-ihmeen-some","status":"publish","type":"post","link":"https:\/\/blogi.eoppimispalvelut.fi\/elavalappi\/2011\/05\/26\/mika-ihmeen-some\/","title":{"rendered":"Mik\u00e4 ihmeen SoMe?"},"content":{"rendered":"<p style=\"text-align: justify\">Keskiviikkona 11.5.2011 <a title=\"Rajalla Kauppakeskus\" href=\"http:\/\/www.rajalla.com\" target=\"_blank\">Kauppakeskus Rajalla P\u00e5 Gr\u00e4nssenill\u00e4<\/a> \u201dtweettailtiin\u201d ja \u201dpeukutettiin\u201d ahkerasti. Moni voisi ajatella, ett\u00e4 mist\u00e4h\u00e4n ihmeest\u00e4 t\u00e4ss\u00e4 nyt oli kyse. Vastauksena kaikille ihmettelij\u00f6ille, kyseess\u00e4 oli \u201d<strong>Asiakas SoMessa<\/strong>\u201d-tapahtuma, joka oli suunnattu alueen yrityksille. El\u00e4v\u00e4 Lappi -hankkeen ja Kemi-Tornion ammattikorkeakoulun opiskelijoiden toteuttaman ty\u00f6pajan teemana oli sosiaalisen median hy\u00f6dynt\u00e4minen markkinoinnissa ja palveluiden kehitt\u00e4misess\u00e4.<\/p>\n<p style=\"text-align: justify\"><a href=\"https:\/\/blogi.eoppimispalvelut.fi\/elavalappi\/files\/2011\/05\/some_ihmiset1.jpg\"><img loading=\"lazy\" decoding=\"async\" class=\"aligncenter size-full wp-image-229\" src=\"https:\/\/blogi.eoppimispalvelut.fi\/elavalappi\/files\/2011\/05\/some_ihmiset1.jpg\" alt=\"\" width=\"709\" height=\"473\" srcset=\"https:\/\/blogi.eoppimispalvelut.fi\/elavalappi\/files\/2011\/05\/some_ihmiset1.jpg 709w, https:\/\/blogi.eoppimispalvelut.fi\/elavalappi\/files\/2011\/05\/some_ihmiset1-300x200.jpg 300w\" sizes=\"auto, (max-width: 709px) 100vw, 709px\" \/><\/a><strong>Tapahtuman suunnittelu<\/strong> pamahti k\u00e4yntiin jo hyviss\u00e4 ajoin maaliskuun loppupuolella, jolloin Kemi-Tornion ammattikorkeakoulun liiketalouden toisen vuoden opiskelijat (siis me) saivat toimeksiannon j\u00e4rjest\u00e4\u00e4 kauppakeskuksen yritt\u00e4jille ty\u00f6pajan markkinoinnista. P\u00e4\u00e4timme l\u00e4hes v\u00e4litt\u00f6m\u00e4sti, ett\u00e4 tapaus tulisi k\u00e4sittelem\u00e4\u00e4n sosiaalista mediaa eli ns. \u201dilmaista markkinointikanavaa\u201d ja sen hy\u00f6dynt\u00e4mist\u00e4 my\u00f6s palveluiden kehitt\u00e4misess\u00e4.<\/p>\n<p style=\"text-align: justify\">Aloitimme tapahtuman suunnittelun l\u00e4hes tyhj\u00e4st\u00e4. Meill\u00e4 oli muutamia esimerkki-tapahtumia tiedossa ja niiden materiaaleja k\u00e4yt\u00f6ss\u00e4mme, ja n\u00e4iden avulla pystyimme hiukan hahmottamaan, mit\u00e4 kaikkea meid\u00e4n tulisi tehd\u00e4. \u00a0P\u00e4\u00e4timme, ett\u00e4 tapahtuman suunnittelu ja j\u00e4rjest\u00e4minen olisi helpointa jos meid\u00e4n l\u00e4hes kolmenkymmenen opiskelijan ryhm\u00e4 jaettaisiin pieniin ja tehokkaisiin tiimeihin. Tiimit saisivat hoitaakseen teht\u00e4vi\u00e4 kuten esiintyjien v\u00e4rv\u00e4\u00e4minen, kahvitarjoilun j\u00e4rjestely ja kirjallisen materiaalin ty\u00f6st\u00f6.<\/p>\n<p style=\"text-align: justify\">Ratkaisu ei olisi voinut olla oivempi, sill\u00e4 siten jokainen tiimi sai oman teht\u00e4v\u00e4ns\u00e4 ja aikataulunsa, josta tuli pit\u00e4\u00e4 kiinni. Kun taistelusuunnitelmamme oli valmis ja tiimit tiesiv\u00e4t teht\u00e4v\u00e4ns\u00e4, meid\u00e4n t\u00e4ytyi vain p\u00e4\u00e4tt\u00e4v\u00e4isesti rynn\u00e4t\u00e4 kohti \u201dAsiakas SoMessa\u201d \u2013 tapahtuman D-Dayt\u00e4.<\/p>\n<p style=\"text-align: justify\"><strong>Kauan odotettu p\u00e4iv\u00e4<\/strong> tuli nopeammin kuin kukaan oli osannut edes odottaa. Oli keskiviikko 11.5.2011. Kaikki odottivat j\u00e4nnityksest\u00e4 soikeina, ett\u00e4 kuinka moni ilmoittautuneista ihmisist\u00e4 tulisi paikalle, olimmeko ottaneet kaiken huomioon ja ennen kaikkea: onko meill\u00e4 riitt\u00e4v\u00e4sti kahvia ja pikkusuolaista!?<\/p>\n<p style=\"text-align: justify\">Tapahtuman aloitusaika oli 16:30, joten ihmisi\u00e4 alkoi valua paikalle noin varttia ennen, kuten yleens\u00e4. Jaoimme kaikille osallistujille hienot itse tekem\u00e4mme materiaalipaketit tapahtumasta. Kaikki osallistujat olivat h\u00e4mill\u00e4\u00e4n saapuessaan paikalle, kun heid\u00e4n istumapaikoillaan olikin lappu, jossa oli joko teksti \u201dtweet\u201d tai kuva peukalosta.<\/p>\n<p style=\"text-align: justify\">H\u00e4mmennys kuitenkin vaihtui hilpeyteen, kun juontajamme kertoivat heille, ett\u00e4 lappujen avulla voi kommentoida esityksi\u00e4 tai muuten vain osoittaa mielipiteens\u00e4. Peukku yl\u00f6s: tykk\u00e4\u00e4 tai sitten peukku alas: ei tykk\u00e4\u00e4. N\u00e4in illan esiintyj\u00e4mme saivat kertaryk\u00e4yksell\u00e4 tuotua kaikki osallistujat SoMen ihmeelliseen maailmaan, jossa n\u00e4in helposti saattaa kommentoida toisten esitt\u00e4mi\u00e4 mielipiteit\u00e4 tai tuoda mielipiteens\u00e4 julki esitett\u00e4vist\u00e4 asioista yksinkertaisesti pelk\u00e4st\u00e4\u00e4n peukuttamalla.<\/p>\n<p style=\"text-align: justify\"><a href=\"https:\/\/blogi.eoppimispalvelut.fi\/elavalappi\/files\/2011\/05\/some_tweet.jpg\"><img loading=\"lazy\" decoding=\"async\" class=\"aligncenter size-full wp-image-230\" src=\"https:\/\/blogi.eoppimispalvelut.fi\/elavalappi\/files\/2011\/05\/some_tweet.jpg\" alt=\"\" width=\"709\" height=\"472\" srcset=\"https:\/\/blogi.eoppimispalvelut.fi\/elavalappi\/files\/2011\/05\/some_tweet.jpg 709w, https:\/\/blogi.eoppimispalvelut.fi\/elavalappi\/files\/2011\/05\/some_tweet-300x199.jpg 300w\" sizes=\"auto, (max-width: 709px) 100vw, 709px\" \/><\/a><\/p>\n<p style=\"text-align: justify\">Illan ensimm\u00e4inen esiintyj\u00e4mme <strong>Marika Saranne<\/strong> piti lyhyen ja ytimekk\u00e4\u00e4n alustuksen aiheesta, kuinka sosiaalista mediaa voidaan k\u00e4ytt\u00e4\u00e4 julkisuuskuvan rakentamiseen ja parantamiseen. Aihetta siivitti eritt\u00e4in hienosti tehty video Islannista, joka k\u00e4rsi er\u00e4\u00e4nlaisen \u201dmatkailuinflaation\u201d tuhkapilvi-episodin takia. Islannissa osattiin ottaa sosiaalinen media oikealla tavalla k\u00e4ytt\u00f6\u00f6n ja perustaa sivusto, jonka tarkoituksena on ker\u00e4t\u00e4 ihmisten tarinoita Islannista.<\/p>\n<p style=\"text-align: justify\">Videon voi katsoa seuraavasta linkist\u00e4: <a href=\"http:\/\/www.inspiredbyiceland.com\/\">http:\/\/www.inspiredbyiceland.com\/<\/a> Kyseisen sivuston innoittamana monet Islannissa matkailleet ovatkin kuvanneet my\u00f6s omia videoitaan Islannista ja levitt\u00e4neet niit\u00e4 sosiaalisen median v\u00e4lineiden avulla eteenp\u00e4in. Itsekin halusin l\u00e4hte\u00e4 Islantiin silt\u00e4 seisomalta, kun n\u00e4in videon, jossa Emiliana Torrinin \u201dviidakkorummun\u201d tahdissa esitell\u00e4\u00e4n Islantia monelta eri kantilta.<\/p>\n<p style=\"text-align: justify\">Seuraavaksi lavan valtasi <strong>Mikko Manninen<\/strong>, jonka aiheena oli \u201dUusi mediajako: ostettu, oma ja ansaittu media\u201d. H\u00e4n k\u00e4sitteli sosiaalista mediaa kolmesta eri n\u00e4k\u00f6kohdasta ja perustyls\u00e4n PowerPoint-esityksen sijaan h\u00e4n oli tehnyt mielenkiintoisen \u201dPrezi\u201d-esityksen, joka toi hieman syvemp\u00e4\u00e4 ulottuvuutta esitykseen.<\/p>\n<p style=\"text-align: justify\">Niille jotka eiv\u00e4t tied\u00e4 mik\u00e4 Prezi on, annan vihjeen\u00e4, ett\u00e4 vastaus l\u00f6ytyy Googlesta tai sitten osoitteesta <a href=\"http:\/\/prezi.com\/\">http:\/\/prezi.com\/<\/a>. Marikan esityksen aikana tapahtuman osallistujat olivat oppineet jo \u201dtweettaamaan\u201d ja \u201dpeukuttamaan\u201d, joten heid\u00e4n ei tarvinut vain istua hiljaa kuin luennolla, vaan Mikon alustuksen aikana he \u201dtweettailivat\u201d ja \u201dpeukuttivat\u201d jo varsin luontevasti.<\/p>\n<p style=\"text-align: justify\">Illan villin\u00e4 korttina oli Sotku Oy:n toimitusjohtaja <strong>Ville K\u00e4rkk\u00e4inen<\/strong>, joka tuli kertomaan esimerkkien avulla, miten sosiaalista mediaa tulisi k\u00e4ytt\u00e4\u00e4 ja miten sit\u00e4 ehdottomasti ei tulisi k\u00e4ytt\u00e4\u00e4. Eritt\u00e4in huumoripitoisen ja virkist\u00e4v\u00e4n esityksen aikana nauroin monet kerrat vedet silmiin. Ville my\u00f6s kertoi, ett\u00e4 sosiaalinen media ei ole mik\u00e4\u00e4n uusi juttu. H\u00e4n n\u00e4ytti lehtileikkeen 1900-luvun alusta jossa oli ilmoituspalsta, joka oli sen ajan sosiaalista mediaa. Se on ollut olemassa\u2026 aina? Jo ennen tuota aikaa ihmiset ovat keskustelleet kesken\u00e4\u00e4n ja ker\u00e4\u00e4ntyneet \u201dlaumoihin\u201d jakamaan tietojaan. Lopuksi Ville my\u00f6s selvensi, ett\u00e4 sosiaalinen media ei ole ilmainen. Se maksaa ainakin yhden ihmisen ty\u00f6panoksen.<\/p>\n<p style=\"text-align: justify\">Tapahtumalle varattu puolitoistatuntinen meni kuin siivill\u00e4 mielenkiintoisia alustuksia kuunnellessa ja niist\u00e4 vilkkaasti keskustellen. Lopuksi olimme sommitelleet LiikeIkkunan tiloihin \u201dRed Carpet\u201d \u2013 nurkkauksen, jossa osallistujat olisivat voineet k\u00e4yd\u00e4 ottamassa itsest\u00e4\u00e4n profiilikuvan vaikkapa facebookiin, mutta harmiksemme vain muutamat uskaltautuivat kuvattavaksemme. Onneksi, me tapahtuman j\u00e4rjest\u00e4jin\u00e4 otimme itsest\u00e4mme l\u00e4j\u00e4n kuvia, ettei hieno nurkkaus j\u00e4isi k\u00e4ytt\u00e4m\u00e4tt\u00e4.<\/p>\n<p style=\"text-align: justify\"><a href=\"https:\/\/blogi.eoppimispalvelut.fi\/elavalappi\/files\/2011\/05\/some_redcarpet.jpg\"><img loading=\"lazy\" decoding=\"async\" class=\"aligncenter size-full wp-image-231\" src=\"https:\/\/blogi.eoppimispalvelut.fi\/elavalappi\/files\/2011\/05\/some_redcarpet.jpg\" alt=\"\" width=\"709\" height=\"472\" srcset=\"https:\/\/blogi.eoppimispalvelut.fi\/elavalappi\/files\/2011\/05\/some_redcarpet.jpg 709w, https:\/\/blogi.eoppimispalvelut.fi\/elavalappi\/files\/2011\/05\/some_redcarpet-300x199.jpg 300w\" sizes=\"auto, (max-width: 709px) 100vw, 709px\" \/><\/a>Summa summarum tapahtuma oli yhdell\u00e4 sanalla kuvaten \u201dloistava\u201d. Tiimit olivat hoitaneet osansa kunnialla, esiintyj\u00e4t olivat asiantuntevia ja viihdytt\u00e4vi\u00e4. Tapahtuman j\u00e4lkeen j\u00e4i hyv\u00e4 mieli, joten suosittelen l\u00e4mpim\u00e4sti kaikkia muitakin tutustumaan sosiaalisen median ihmeelliseen maailmaan. Itsekin istuin koko t\u00e4m\u00e4n kirjoitussession aikana facebookissa kavereiden kanssa jutellen.<\/p>\n<p style=\"text-align: justify\"><em>Miikka Enbuske<\/em><\/p>\n<p style=\"text-align: justify\"><em>Kirjoittaja on\u00a0 toisen vuosikurssin liiketalouden opiskelija, K-T amk ja osallistui Asiakas SoMessa -tapahtuman j\u00e4rjest\u00e4miseen.<\/em><\/p>\n<p style=\"text-align: justify\"><em><a href=\"https:\/\/blogi.eoppimispalvelut.fi\/elavalappi\/files\/2011\/08\/Blogi_kuplarivi1.png\"><img loading=\"lazy\" decoding=\"async\" class=\"aligncenter size-full wp-image-298\" src=\"https:\/\/blogi.eoppimispalvelut.fi\/elavalappi\/files\/2011\/08\/Blogi_kuplarivi1.png\" alt=\"\" width=\"654\" height=\"48\" \/><\/a><br \/>\n<\/em><\/p>\n","protected":false},"excerpt":{"rendered":"<p>Keskiviikkona 11.5.2011 Kauppakeskus Rajalla P\u00e5 Gr\u00e4nssenill\u00e4 \u201dtweettailtiin\u201d ja \u201dpeukutettiin\u201d ahkerasti. Moni voisi ajatella, ett\u00e4 mist\u00e4h\u00e4n ihmeest\u00e4 t\u00e4ss\u00e4 nyt oli kyse. Vastauksena kaikille ihmettelij\u00f6ille, kyseess\u00e4 oli \u201dAsiakas SoMessa\u201d-tapahtuma, joka oli suunnattu alueen yrityksille. El\u00e4v\u00e4 Lappi -hankkeen ja Kemi-Tornion ammattikorkeakoulun opiskelijoiden toteuttaman &hellip; <a href=\"https:\/\/blogi.eoppimispalvelut.fi\/elavalappi\/2011\/05\/26\/mika-ihmeen-some\/\">Continue reading <span class=\"meta-nav\">&rarr;<\/span><\/a><\/p>\n","protected":false},"author":232,"featured_media":0,"comment_status":"open","ping_status":"open","sticky":false,"template":"","format":"standard","meta":{"footnotes":""},"categories":[16013,1,16063,16011,96],"tags":[16059,4230],"class_list":["post-221","post","type-post","status-publish","format-standard","hentry","category-elava-lappi","category-uncategorized","category-opetuksen-integrointi","category-rajalla","category-sosiaalinen-media","tag-rajalla-2","tag-some"],"_links":{"self":[{"href":"https:\/\/blogi.eoppimispalvelut.fi\/elavalappi\/wp-json\/wp\/v2\/posts\/221","targetHints":{"allow":["GET"]}}],"collection":[{"href":"https:\/\/blogi.eoppimispalvelut.fi\/elavalappi\/wp-json\/wp\/v2\/posts"}],"about":[{"href":"https:\/\/blogi.eoppimispalvelut.fi\/elavalappi\/wp-json\/wp\/v2\/types\/post"}],"author":[{"embeddable":true,"href":"https:\/\/blogi.eoppimispalvelut.fi\/elavalappi\/wp-json\/wp\/v2\/users\/232"}],"replies":[{"embeddable":true,"href":"https:\/\/blogi.eoppimispalvelut.fi\/elavalappi\/wp-json\/wp\/v2\/comments?post=221"}],"version-history":[{"count":12,"href":"https:\/\/blogi.eoppimispalvelut.fi\/elavalappi\/wp-json\/wp\/v2\/posts\/221\/revisions"}],"predecessor-version":[{"id":228,"href":"https:\/\/blogi.eoppimispalvelut.fi\/elavalappi\/wp-json\/wp\/v2\/posts\/221\/revisions\/228"}],"wp:attachment":[{"href":"https:\/\/blogi.eoppimispalvelut.fi\/elavalappi\/wp-json\/wp\/v2\/media?parent=221"}],"wp:term":[{"taxonomy":"category","embeddable":true,"href":"https:\/\/blogi.eoppimispalvelut.fi\/elavalappi\/wp-json\/wp\/v2\/categories?post=221"},{"taxonomy":"post_tag","embeddable":true,"href":"https:\/\/blogi.eoppimispalvelut.fi\/elavalappi\/wp-json\/wp\/v2\/tags?post=221"}],"curies":[{"name":"wp","href":"https:\/\/api.w.org\/{rel}","templated":true}]}}