{"id":295,"date":"2011-08-17T10:01:45","date_gmt":"2011-08-17T10:01:45","guid":{"rendered":"https:\/\/blogi.eoppimispalvelut.fi\/elavalappi\/?p=295"},"modified":"2011-09-06T08:12:55","modified_gmt":"2011-09-06T08:12:55","slug":"uusi-visuaalinen-ilme-ja-muutamia-uusia-kujeitakin","status":"publish","type":"post","link":"https:\/\/blogi.eoppimispalvelut.fi\/elavalappi\/2011\/08\/17\/uusi-visuaalinen-ilme-ja-muutamia-uusia-kujeitakin\/","title":{"rendered":"Uusi visuaalinen ilme ja muutamia uusia kujeitakin"},"content":{"rendered":"<p style=\"text-align: justify\">Nyt se on valmis kaikkien katsottavaksi ja k\u00e4ytett\u00e4v\u00e4ksi, nimitt\u00e4in El\u00e4v\u00e4 Lappi \u2013hankkeen uusi visuaalinen ilme. Logo ja ilme kuvastavat hyvin sit\u00e4, mik\u00e4 on hankkeen tarkoitus ja tavoite. Toiminnan vuorovaikutteisuutta ja viestint\u00e4\u00e4 kuvaavat puhekupla-muodot ovat hankkeen logon ydin. Puhekuplia on nelj\u00e4 eriv\u00e4rist\u00e4 ja ne kuvastavat nelj\u00e4\u00e4 toimijaelementti\u00e4, jotka living lab -toiminta sitoo yhteen:\u00a0 k\u00e4ytt\u00e4j\u00e4t, kehitt\u00e4j\u00e4t, hy\u00f6dynt\u00e4j\u00e4t ja mahdollistajat. El\u00e4v\u00e4n Lapin logo n\u00e4ytt\u00e4isi olevan vauhdikkaasti liikkeess\u00e4, joka kuvastaa kehitysty\u00f6n iteratiivisuutta ja parhaan idean l\u00f6ytymisen tavoittelua yhteisty\u00f6ss\u00e4. Tyyli on raikas ja eloisa, erilaiset tarinat, ideat ja ajatukset muodostavat El\u00e4v\u00e4n Lapin kokonaisuuden. Hankkeen logon on suunnitellut <a title=\"Mainostoimisto Ajatus\" href=\"http:\/\/www.ajatus.fi\/\" target=\"_blank\">Mainostoimisto Ajatus<\/a>.<\/p>\n<p style=\"text-align: justify\">Hankkeen syyskausi alkaa t\u00e4st\u00e4. Luvassa on muun muassa erilaisia ty\u00f6pajoja, mahdollisuuksia monenlaiseen osallistumiseen sek\u00e4 s\u00e4hk\u00f6isen kehitt\u00e4misalustan suunnittelua. Ehdota meille, mit\u00e4 sin\u00e4 haluaisit tehd\u00e4 Rajalla tai Ounasvaara Living Labissa! Kehitt\u00e4j\u00e4porukka laajenee entisest\u00e4\u00e4n, kun syksyll\u00e4 mukaan otetaan j\u00e4lleen osaavia ammattikorkeakoulujen ja yliopiston opiskelijoita. Hyvi\u00e4 tuloksia syntyy siis jatkossakin, kun innovatiiviset mielet kohtaavat Lapin turuilla ja tantereilla. Tervetuloa mukaan osallistumaan!<\/p>\n<p style=\"text-align: justify\"><em>Hanketoimijat<\/em><\/p>\n<p style=\"text-align: justify\"><a href=\"https:\/\/blogi.eoppimispalvelut.fi\/elavalappi\/files\/2011\/08\/Blogi_kuplarivi.png\"><\/a><a href=\"https:\/\/blogi.eoppimispalvelut.fi\/elavalappi\/files\/2011\/08\/Blogi_kuplarivi1.png\"><img loading=\"lazy\" decoding=\"async\" class=\"aligncenter size-full wp-image-298\" src=\"https:\/\/blogi.eoppimispalvelut.fi\/elavalappi\/files\/2011\/08\/Blogi_kuplarivi1.png\" alt=\"\" width=\"654\" height=\"48\" \/><\/a><\/p>\n","protected":false},"excerpt":{"rendered":"<p>Nyt se on valmis kaikkien katsottavaksi ja k\u00e4ytett\u00e4v\u00e4ksi, nimitt\u00e4in El\u00e4v\u00e4 Lappi \u2013hankkeen uusi visuaalinen ilme. Logo ja ilme kuvastavat hyvin sit\u00e4, mik\u00e4 on hankkeen tarkoitus ja tavoite. Toiminnan vuorovaikutteisuutta ja viestint\u00e4\u00e4 kuvaavat puhekupla-muodot ovat hankkeen logon ydin. Puhekuplia on nelj\u00e4 &hellip; <a href=\"https:\/\/blogi.eoppimispalvelut.fi\/elavalappi\/2011\/08\/17\/uusi-visuaalinen-ilme-ja-muutamia-uusia-kujeitakin\/\">Continue reading <span class=\"meta-nav\">&rarr;<\/span><\/a><\/p>\n","protected":false},"author":241,"featured_media":0,"comment_status":"open","ping_status":"open","sticky":false,"template":"","format":"standard","meta":{"footnotes":""},"categories":[1,16012,16011,16010],"tags":[16016],"class_list":["post-295","post","type-post","status-publish","format-standard","hentry","category-uncategorized","category-ounasvaara","category-rajalla","category-yhteiskehittaminen","tag-elava-lappi-2"],"_links":{"self":[{"href":"https:\/\/blogi.eoppimispalvelut.fi\/elavalappi\/wp-json\/wp\/v2\/posts\/295","targetHints":{"allow":["GET"]}}],"collection":[{"href":"https:\/\/blogi.eoppimispalvelut.fi\/elavalappi\/wp-json\/wp\/v2\/posts"}],"about":[{"href":"https:\/\/blogi.eoppimispalvelut.fi\/elavalappi\/wp-json\/wp\/v2\/types\/post"}],"author":[{"embeddable":true,"href":"https:\/\/blogi.eoppimispalvelut.fi\/elavalappi\/wp-json\/wp\/v2\/users\/241"}],"replies":[{"embeddable":true,"href":"https:\/\/blogi.eoppimispalvelut.fi\/elavalappi\/wp-json\/wp\/v2\/comments?post=295"}],"version-history":[{"count":10,"href":"https:\/\/blogi.eoppimispalvelut.fi\/elavalappi\/wp-json\/wp\/v2\/posts\/295\/revisions"}],"predecessor-version":[{"id":352,"href":"https:\/\/blogi.eoppimispalvelut.fi\/elavalappi\/wp-json\/wp\/v2\/posts\/295\/revisions\/352"}],"wp:attachment":[{"href":"https:\/\/blogi.eoppimispalvelut.fi\/elavalappi\/wp-json\/wp\/v2\/media?parent=295"}],"wp:term":[{"taxonomy":"category","embeddable":true,"href":"https:\/\/blogi.eoppimispalvelut.fi\/elavalappi\/wp-json\/wp\/v2\/categories?post=295"},{"taxonomy":"post_tag","embeddable":true,"href":"https:\/\/blogi.eoppimispalvelut.fi\/elavalappi\/wp-json\/wp\/v2\/tags?post=295"}],"curies":[{"name":"wp","href":"https:\/\/api.w.org\/{rel}","templated":true}]}}