{"id":3,"date":"2009-11-25T10:00:25","date_gmt":"2009-11-25T08:00:25","guid":{"rendered":"https:\/\/blogi.eoppimispalvelut.fi\/evinkki\/?p=3"},"modified":"2017-01-17T11:32:52","modified_gmt":"2017-01-17T09:32:52","slug":"aloitu","status":"publish","type":"post","link":"https:\/\/blogi.eoppimispalvelut.fi\/evinkki\/2009\/11\/25\/aloitu\/","title":{"rendered":"Viikon e-vinkki aloittaa!"},"content":{"rendered":"<p>Hyv\u00e4t yst\u00e4v\u00e4t,<\/p>\n<p>N\u00e4yt\u00f6ll\u00e4nne on ensimm\u00e4inen Viikon e-vinkki! T\u00e4ss\u00e4 blogissa kuvataan viikoittain verkko-opetuksen toteuttamiseen liittyv\u00e4 tekninen tai pedagogisen k\u00e4ytt\u00f6vinkki. Tavoitteena on, ett\u00e4 t\u00e4m\u00e4 blogi toimisi ty\u00f6v\u00e4lineoppaiden t\u00e4ydent\u00e4j\u00e4n\u00e4 esitt\u00e4en Moodlen ja iLincin toiminnallisuuksien k\u00e4ytt\u00f6-\/sovellusmahdollisuuksia erilaisiin opetus- ja oppimistarkoitukseen sek\u00e4 lis\u00e4ksi avaisi sosiaalisen median opetusk\u00e4ytt\u00f6mahdollisuuksia.<\/p>\n<p>P\u00e4\u00e4asiassa vinkkituotannosta vastaavat lappilaisten ammattikorkeakoulujen virtuaaliopintojen tukihenkil\u00f6st\u00f6 eli tutummin KTAMKin\/Lappian\u00a0 eOppimiskeskus ja RAMKin virtuaaliopintojen tukipalveluiden v\u00e4ki, mutta toki my\u00f6s kaikki muut ovat tervetulleita jakamaan vinkkej\u00e4, kokemuksia jne. Blogeihin, kuten my\u00f6s t\u00e4h\u00e4n blogiin, kuuluu kommentointimahdollisuus, joten ei muuta kuin kommentoimaan :).<\/p>\n<p><a href=\"https:\/\/blogi.eoppimispalvelut.fi\/evinkki\/files\/2017\/01\/haka_landscape_medium.gif\"><img loading=\"lazy\" decoding=\"async\" class=\"aligncenter size-full wp-image-4326\" src=\"https:\/\/blogi.eoppimispalvelut.fi\/evinkki\/files\/2017\/01\/haka_landscape_medium.gif\" alt=\"\" width=\"142\" height=\"38\" \/><\/a><\/p>\n","protected":false},"excerpt":{"rendered":"<p>Hyv\u00e4t yst\u00e4v\u00e4t, N\u00e4yt\u00f6ll\u00e4nne on ensimm\u00e4inen Viikon e-vinkki! T\u00e4ss\u00e4 blogissa kuvataan viikoittain verkko-opetuksen toteuttamiseen liittyv\u00e4 tekninen tai pedagogisen k\u00e4ytt\u00f6vinkki. Tavoitteena on, ett\u00e4 t\u00e4m\u00e4 blogi toimisi ty\u00f6v\u00e4lineoppaiden t\u00e4ydent\u00e4j\u00e4n\u00e4 esitt\u00e4en Moodlen ja iLincin toiminnallisuuksien k\u00e4ytt\u00f6-\/sovellusmahdollisuuksia erilaisiin opetus- ja oppimistarkoitukseen sek\u00e4 lis\u00e4ksi avaisi sosiaalisen median opetusk\u00e4ytt\u00f6mahdollisuuksia. P\u00e4\u00e4asiassa vinkkituotannosta vastaavat lappilaisten ammattikorkeakoulujen virtuaaliopintojen tukihenkil\u00f6st\u00f6 eli tutummin KTAMKin\/Lappian\u00a0 eOppimiskeskus ja RAMKin [&hellip;]<\/p>\n","protected":false},"author":5,"featured_media":0,"comment_status":"open","ping_status":"open","sticky":false,"template":"","format":"standard","meta":{"_monsterinsights_skip_tracking":false,"_monsterinsights_sitenote_active":false,"_monsterinsights_sitenote_note":"","_monsterinsights_sitenote_category":0,"footnotes":""},"categories":[1],"tags":[],"class_list":["post-3","post","type-post","status-publish","format-standard","hentry","category-uncategorized"],"_links":{"self":[{"href":"https:\/\/blogi.eoppimispalvelut.fi\/evinkki\/wp-json\/wp\/v2\/posts\/3","targetHints":{"allow":["GET"]}}],"collection":[{"href":"https:\/\/blogi.eoppimispalvelut.fi\/evinkki\/wp-json\/wp\/v2\/posts"}],"about":[{"href":"https:\/\/blogi.eoppimispalvelut.fi\/evinkki\/wp-json\/wp\/v2\/types\/post"}],"author":[{"embeddable":true,"href":"https:\/\/blogi.eoppimispalvelut.fi\/evinkki\/wp-json\/wp\/v2\/users\/5"}],"replies":[{"embeddable":true,"href":"https:\/\/blogi.eoppimispalvelut.fi\/evinkki\/wp-json\/wp\/v2\/comments?post=3"}],"version-history":[{"count":14,"href":"https:\/\/blogi.eoppimispalvelut.fi\/evinkki\/wp-json\/wp\/v2\/posts\/3\/revisions"}],"predecessor-version":[{"id":4328,"href":"https:\/\/blogi.eoppimispalvelut.fi\/evinkki\/wp-json\/wp\/v2\/posts\/3\/revisions\/4328"}],"wp:attachment":[{"href":"https:\/\/blogi.eoppimispalvelut.fi\/evinkki\/wp-json\/wp\/v2\/media?parent=3"}],"wp:term":[{"taxonomy":"category","embeddable":true,"href":"https:\/\/blogi.eoppimispalvelut.fi\/evinkki\/wp-json\/wp\/v2\/categories?post=3"},{"taxonomy":"post_tag","embeddable":true,"href":"https:\/\/blogi.eoppimispalvelut.fi\/evinkki\/wp-json\/wp\/v2\/tags?post=3"}],"curies":[{"name":"wp","href":"https:\/\/api.w.org\/{rel}","templated":true}]}}