{"id":3695,"date":"2014-01-24T08:43:04","date_gmt":"2014-01-24T06:43:04","guid":{"rendered":"https:\/\/blogi.eoppimispalvelut.fi\/evinkki\/?p=3695"},"modified":"2014-01-24T08:43:04","modified_gmt":"2014-01-24T06:43:04","slug":"moodlelapin-amk-matkakertomusta-osa-1","status":"publish","type":"post","link":"https:\/\/blogi.eoppimispalvelut.fi\/evinkki\/2014\/01\/24\/moodlelapin-amk-matkakertomusta-osa-1\/","title":{"rendered":"Moodle@Lapin amk \u2013 matkakertomusta (osa 1)"},"content":{"rendered":"<p><b><i>LapinAMK k\u00e4ytt\u00e4\u00e4 oppimisalustana <\/i><\/b><a href=\"http:\/\/moodle.tokem.fi\/\"><b><i>Moodlea<\/i><\/b><\/a><b><i>. T\u00e4m\u00e4 tarkoittaa uuden opiskelua niin opettajille kuin opiskelijoille Rovaniemen kampusalueella, koska aiemmin k\u00e4yt\u00f6ss\u00e4 on ollut Optima. Nyt ollaan jo vauhdissa ja Moodle-koulutukset k\u00e4ynnistyiv\u00e4t viime viikolla Rovaniemen kampuksen Teollisuuden ja luonnonvarojen osaamisalan opettajille.<\/i><\/b><\/p>\n<p>Aluksi vanhan kertausta<\/p>\n<p>Siirtym\u00e4suunnitelmasta, joka l\u00f6ytyy Moodle-projektin dokumenttikansiosta <a href=\"http:\/\/sdrv.ms\/1iqUuwM\">http:\/\/sdrv.ms\/1iqUuwM<\/a> saa tarkempaa tietoa siirtym\u00e4- ja koulutusaikatauluista. Optimasta Moodleen siirryt\u00e4\u00e4n kolmessa vaiheessa osaamisaloittaittain. Kulloinkin siirtyv\u00e4lle osaamisalalle j\u00e4rjestet\u00e4\u00e4n opettajien koulutukset ja opiskelijoiden perehdytyksen ennen Moodlen k\u00e4ytt\u00f6\u00f6nottoa opetuksessa.\u00a0 Nyt kun opettajien koulutukset ovat k\u00e4ynniss\u00e4, on seuraava t\u00e4rke\u00e4 etappi helmi-maaliskuun vaihteessa kun opiskelijoiden perehdytykset k\u00e4ynnistyv\u00e4t. Perehdytystilaisuuden aika ilmoitetaan ty\u00f6j\u00e4rjestyksiss\u00e4. Opiskelijaperehdytyksi\u00e4 toteutetaan joko kampuksella tai et\u00e4n\u00e4 ja ne ovat aina saman sis\u00e4lt\u00f6isi\u00e4. Mik\u00e4li siis oman ryhm\u00e4n mukana osallistuminen ei ole mahdollista, voi mainiosti osallistua esim. saman koulutusohjelman toisen ryhm\u00e4n perehdytykseen. Ensimm\u00e4iset Rovaniemen kampuksen opiskelijaryhm\u00e4t siirtyv\u00e4t Moodlen k\u00e4ytt\u00f6\u00f6n maaliskuun alussa. Siirtym\u00e4 koskee kaikkia vuonna 2011 tai my\u00f6hemmin aloittaneita opiskelijoita. T\u00e4t\u00e4 aiemmin aloittaneiden opiskelijoiden tarve Moodlen k\u00e4ytt\u00f6\u00f6nottoon arvioidaan erikseen.<\/p>\n<p>Sitten siihen matkakertomukseen<\/p>\n<p>Hyv\u00e4lt\u00e4 tuntuu, ett\u00e4 matka kohti uutta on nyt alkanut. On ollut mukavaa tutustua opettajien kanssa uuteen j\u00e4rjestelm\u00e4\u00e4n ja toisaalta huomata, ett\u00e4 yhden oppimisymp\u00e4rist\u00f6n osaaja oppii kyll\u00e4 toisenkin. Koulutuksissa on kokeiltu k\u00e4yt\u00e4nn\u00f6ss\u00e4 miten uuden toiminnot k\u00e4ytt\u00e4ytyv\u00e4t ja selvitelty porukalla esiin nousseita kysymyksi\u00e4. Moodlen k\u00e4yt\u00f6ss\u00e4 on Optiman k\u00e4ytt\u00e4jille paljon uutta, mutta toisaalta my\u00f6s tuttua ja samankaltaista. Peruskoulutuksissa on ryhdytty heti toimimaan omissa opintojaksoty\u00f6tiloissa, \u201dhiekkalaatikoilla\u201d. Tavoite on, ett\u00e4 jokaisella opettajalla on koulutusvaiheen p\u00e4\u00e4ttyess\u00e4 v\u00e4hint\u00e4\u00e4n yksi valmis opintojaksotila k\u00e4ytt\u00f6\u00f6n otettavaksi.<\/p>\n<p>Koulutuksissa on keskusteltu Moodlesta avoimen l\u00e4hdekoodin ohjelmana, mik\u00e4 on samanaikaisesti sek\u00e4 mahdollisuus ett\u00e4 haaste. My\u00f6s ymp\u00e4rist\u00f6n ulkoasu ja sis\u00e4lt\u00f6\u00e4 t\u00e4ynn\u00e4 olevat sivut ymp\u00e4rist\u00f6n p\u00e4\u00e4sivulla ja opintojaksotiloissa nousi esille. J\u00e4lkimm\u00e4isiss\u00e4 eOppimispalveluiden tiimi oli askeleen edell\u00e4: kuluvan viikon keskiviikkona ymp\u00e4rist\u00f6n ilme p\u00e4ivitettiin ja sivujen toimintolohkojen m\u00e4\u00e4r\u00e4\u00e4 karsittiin. Optimassa k\u00e4yt\u00f6ss\u00e4 olevaa materiaalivarastoa vastaavaa toiminnallisuutta kaivattiin, mutta todettiin ett\u00e4 pilvipalveluita hy\u00f6dynt\u00e4m\u00e4ll\u00e4 voi v\u00e4ltty\u00e4 saman materiaalin p\u00e4ivitt\u00e4miselt\u00e4 erikseen useissa eri opintojaksotiloissa. Moodlen Viestit \u2013toimintoa k\u00e4ytettiin heti ja siin\u00e4 n\u00e4htiin mahdollisuus v\u00e4hent\u00e4\u00e4 s\u00e4hk\u00f6postin k\u00e4ytt\u00f6\u00e4. My\u00f6s Opiskelijoiden Itserekister\u00f6ityminen otettiin vastaan ratkaisuna, joka varmistaa ett\u00e4 opiskelijat saavat k\u00e4ytt\u00f6\u00f6ns\u00e4 juuri tarvitsemansa opintojaksoty\u00f6tilat. Kyll\u00e4, tutusta luopuminen on haikeaa mutta siirtym\u00e4 uuteen ymp\u00e4rist\u00f6n on alkanut my\u00f6nteisess\u00e4 ja tulevaa odottavassa hengess\u00e4.<\/p>\n<p>Kaikki Rovaniemen kampuksen opettajat voivat nyt halutessaan kirjautua <a href=\"http:\/\/moodle.tokem.fi\/\">Moodleen<\/a> verkkotunnuksillaan ja tilata opintojaksoty\u00f6tiloja k\u00e4ytt\u00f6\u00f6ns\u00e4 s\u00e4hk\u00f6postitse <a href=\"\/Users\/matti.kentta\/AppData\/Local\/Microsoft\/Windows\/Temporary%20Internet%20Files\/Content.Outlook\/NNAEUWL5\/eoppimispalvelut@lapinamk.fi\">eoppimispalvelut@lapinamk.fi<\/a> My\u00f6s l\u00e4hitukea ja neuvoja uuden oppimisymp\u00e4rist\u00f6n k\u00e4ytt\u00f6\u00f6n voi tiedustella samasta osoitteesta.<\/p>\n<p>Lopuksi vinkki<\/p>\n<p>Koska LapinAMK henkil\u00f6st\u00f6\u00e4 on vasta valokuvattu henkil\u00f6- ja k\u00e4yntikortteja varten on nyt my\u00f6s mainio tilaisuus p\u00e4ivitt\u00e4\u00e4 oma valokuva sek\u00e4 Moodleen ett\u00e4 iLinciin. Valokuvia voi tiedustella amkin viestint\u00e4tiimist\u00e4 graafikko Pia Kuhalta (etunimi.sukunimi@lapinamk.fi).<\/p>\n<p>&nbsp;<\/p>\n<p>Tanja Rautiainen, eOppimispalvelut, Rovaniemi<\/p>\n","protected":false},"excerpt":{"rendered":"<p>LapinAMK k\u00e4ytt\u00e4\u00e4 oppimisalustana Moodlea. T\u00e4m\u00e4 tarkoittaa uuden opiskelua niin opettajille kuin opiskelijoille Rovaniemen kampusalueella, koska aiemmin k\u00e4yt\u00f6ss\u00e4 on ollut Optima. Nyt ollaan jo vauhdissa ja Moodle-koulutukset k\u00e4ynnistyiv\u00e4t viime viikolla Rovaniemen kampuksen Teollisuuden ja luonnonvarojen osaamisalan opettajille. Aluksi vanhan kertausta Siirtym\u00e4suunnitelmasta, joka l\u00f6ytyy Moodle-projektin dokumenttikansiosta http:\/\/sdrv.ms\/1iqUuwM saa tarkempaa tietoa siirtym\u00e4- ja koulutusaikatauluista. Optimasta Moodleen siirryt\u00e4\u00e4n kolmessa [&hellip;]<\/p>\n","protected":false},"author":32,"featured_media":0,"comment_status":"open","ping_status":"closed","sticky":false,"template":"","format":"standard","meta":{"_monsterinsights_skip_tracking":false,"_monsterinsights_sitenote_active":false,"_monsterinsights_sitenote_note":"","_monsterinsights_sitenote_category":0,"footnotes":""},"categories":[80,14],"tags":[],"class_list":["post-3695","post","type-post","status-publish","format-standard","hentry","category-moodle-tekninen","category-pedagoginen"],"_links":{"self":[{"href":"https:\/\/blogi.eoppimispalvelut.fi\/evinkki\/wp-json\/wp\/v2\/posts\/3695","targetHints":{"allow":["GET"]}}],"collection":[{"href":"https:\/\/blogi.eoppimispalvelut.fi\/evinkki\/wp-json\/wp\/v2\/posts"}],"about":[{"href":"https:\/\/blogi.eoppimispalvelut.fi\/evinkki\/wp-json\/wp\/v2\/types\/post"}],"author":[{"embeddable":true,"href":"https:\/\/blogi.eoppimispalvelut.fi\/evinkki\/wp-json\/wp\/v2\/users\/32"}],"replies":[{"embeddable":true,"href":"https:\/\/blogi.eoppimispalvelut.fi\/evinkki\/wp-json\/wp\/v2\/comments?post=3695"}],"version-history":[{"count":1,"href":"https:\/\/blogi.eoppimispalvelut.fi\/evinkki\/wp-json\/wp\/v2\/posts\/3695\/revisions"}],"predecessor-version":[{"id":3696,"href":"https:\/\/blogi.eoppimispalvelut.fi\/evinkki\/wp-json\/wp\/v2\/posts\/3695\/revisions\/3696"}],"wp:attachment":[{"href":"https:\/\/blogi.eoppimispalvelut.fi\/evinkki\/wp-json\/wp\/v2\/media?parent=3695"}],"wp:term":[{"taxonomy":"category","embeddable":true,"href":"https:\/\/blogi.eoppimispalvelut.fi\/evinkki\/wp-json\/wp\/v2\/categories?post=3695"},{"taxonomy":"post_tag","embeddable":true,"href":"https:\/\/blogi.eoppimispalvelut.fi\/evinkki\/wp-json\/wp\/v2\/tags?post=3695"}],"curies":[{"name":"wp","href":"https:\/\/api.w.org\/{rel}","templated":true}]}}