{"id":3753,"date":"2014-03-10T08:27:25","date_gmt":"2014-03-10T06:27:25","guid":{"rendered":"https:\/\/blogi.eoppimispalvelut.fi\/evinkki\/?p=3753"},"modified":"2014-03-10T08:27:25","modified_gmt":"2014-03-10T06:27:25","slug":"kokouksia-webinaareja-opetusta-laajenna-etaosaamistasi","status":"publish","type":"post","link":"https:\/\/blogi.eoppimispalvelut.fi\/evinkki\/2014\/03\/10\/kokouksia-webinaareja-opetusta-laajenna-etaosaamistasi\/","title":{"rendered":"Kokouksia, webinaareja, opetusta &#8211; laajenna et\u00e4osaamistasi"},"content":{"rendered":"<p><a href=\"https:\/\/blogi.eoppimispalvelut.fi\/evinkki\/2014\/02\/24\/etana-toimitaan-tilastoja-ilincin-kaytosta\/\" target=\"_blank\">Edellisess\u00e4 <\/a>eVinkiss\u00e4 kerrottiin tilastotietoja iLincin k\u00e4yt\u00f6st\u00e4 muun muassa kokouksissa ja webinaareissa. Muistithan ett\u00e4 virtuaalisia tiloja voi k\u00e4ytt\u00e4\u00e4 muuhunkin kuin opetukseen? Kokouksiin ja webinaareihin kannattaa pyyt\u00e4\u00e4 my\u00f6s tukea: l\u00e4het\u00e4 mielell\u00e4\u00e4n kahta viikkoa ennen tilaisuutta postia osoitteeseen eoppimispalvelut@lapinamk.fi. Samasta paikasta saa my\u00f6s apua esimerkiksi webinaarien, kuten my\u00f6s sujuvien kokousten ja tietenkin monipuolisen verkko-opetuksen suunnitteluun, pyyd\u00e4 vaan rohkeasti apua!<\/p>\n<p>Vinkkej\u00e4 webinaarien pitoon ja aiheisiin saa tietenkin my\u00f6s pidetyist\u00e4 webinaareista. T\u00e4st\u00e4 <a href=\"https:\/\/blogi.eoppimispalvelut.fi\/aktiiviplus\/webinaarisarja-syksylla-2013\/\" target=\"_blank\">linkist\u00e4 <\/a> p\u00e4\u00e4set kuuntelemaan ja katsomaan syksyll\u00e4 2013 olleiden Aktiivi-hankeverkoston webinaarien tallenteita, joissa mukana olevat hankkeet esittelev\u00e4t puolen tunnin aikana hyvi\u00e4 k\u00e4yt\u00e4nt\u00f6j\u00e4\u00e4n.<\/p>\n<p>Mukana on mielenkiintoisia asioita muun muassa pilvipalveluiden k\u00e4ytt\u00e4misest\u00e4 ty\u00f6n apuna, avoimista oppiresursseista, keskustelukurssista verkossa ja ty\u00f6el\u00e4m\u00e4 tulevaisuuden oppimisymp\u00e4rist\u00f6n\u00e4. Lis\u00e4ksi asiaa l\u00f6ytyy kansalaistoiminnan keskuksista ja uusista osallistumistavoista museoissa. Lis\u00e4tyst\u00e4 todellisuudesta, vertaismentoroinnista ja j\u00e4rjest\u00f6ist\u00e4 l\u00e4hidemoksratian tukena, unohtamatta tietenk\u00e4\u00e4n tutkivaa oppimista l\u00e4hiymp\u00e4rist\u00f6iss\u00e4 ja CC-lisensseist\u00e4.<\/p>\n<p>T\u00e4ss\u00e4 listauksessa oli vain osa webinaarien mielenkiintoisesta sis\u00e4ll\u00f6st\u00e4, tule siis ja tutustu tarkemmin!<\/p>\n<p>Ja mik\u00e4s se semmoinen AKTIIVI onkaan, tietoa l\u00f6ytyy <a href=\"www.aktiivi.info.\" target=\"_blank\">t\u00e4st\u00e4. <\/a><\/p>\n<p><a href=\"https:\/\/blogi.eoppimispalvelut.fi\/evinkki\/2014\/03\/10\/kokouksia-webinaareja-opetusta-laajenna-etaosaamistasi\/webinaari\/\" rel=\"attachment wp-att-3763\"><img loading=\"lazy\" decoding=\"async\" class=\"alignleft  wp-image-3763\" style=\"border: 1px solid black;\" alt=\"kuva webinaarista\" src=\"https:\/\/blogi.eoppimispalvelut.fi\/evinkki\/files\/2014\/03\/webinaari-300x136.jpg\" width=\"430\" height=\"195\" srcset=\"https:\/\/blogi.eoppimispalvelut.fi\/evinkki\/files\/2014\/03\/webinaari-300x136.jpg 300w, https:\/\/blogi.eoppimispalvelut.fi\/evinkki\/files\/2014\/03\/webinaari-150x68.jpg 150w, https:\/\/blogi.eoppimispalvelut.fi\/evinkki\/files\/2014\/03\/webinaari-525x238.jpg 525w, https:\/\/blogi.eoppimispalvelut.fi\/evinkki\/files\/2014\/03\/webinaari.jpg 1125w\" sizes=\"auto, (max-width: 430px) 100vw, 430px\" \/><\/a><\/p>\n<p>&nbsp;<\/p>\n<p>&nbsp;<\/p>\n<p>&nbsp;<\/p>\n<p>&nbsp;<\/p>\n<p>&nbsp;<\/p>\n<p>&nbsp;<\/p>\n<p>&nbsp;<\/p>\n<p>Kuvassa <strong>Marko Meht\u00e4l\u00e4<\/strong> kertoo Pilvipalveluista Webinaarissa.<\/p>\n","protected":false},"excerpt":{"rendered":"<p>Edellisess\u00e4 eVinkiss\u00e4 kerrottiin tilastotietoja iLincin k\u00e4yt\u00f6st\u00e4 muun muassa kokouksissa ja webinaareissa. Muistithan ett\u00e4 virtuaalisia tiloja voi k\u00e4ytt\u00e4\u00e4 muuhunkin kuin opetukseen? Kokouksiin ja webinaareihin kannattaa pyyt\u00e4\u00e4 my\u00f6s tukea: l\u00e4het\u00e4 mielell\u00e4\u00e4n kahta viikkoa ennen tilaisuutta postia osoitteeseen eoppimispalvelut@lapinamk.fi. Samasta paikasta saa my\u00f6s apua esimerkiksi webinaarien, kuten my\u00f6s sujuvien kokousten ja tietenkin monipuolisen verkko-opetuksen suunnitteluun, pyyd\u00e4 vaan rohkeasti [&hellip;]<\/p>\n","protected":false},"author":6,"featured_media":0,"comment_status":"open","ping_status":"closed","sticky":false,"template":"","format":"standard","meta":{"_monsterinsights_skip_tracking":false,"_monsterinsights_sitenote_active":false,"_monsterinsights_sitenote_note":"","_monsterinsights_sitenote_category":0,"footnotes":""},"categories":[30619,81,14],"tags":[],"class_list":["post-3753","post","type-post","status-publish","format-standard","hentry","category-eoppimispalvelut","category-ilinc-tekninen","category-pedagoginen"],"_links":{"self":[{"href":"https:\/\/blogi.eoppimispalvelut.fi\/evinkki\/wp-json\/wp\/v2\/posts\/3753","targetHints":{"allow":["GET"]}}],"collection":[{"href":"https:\/\/blogi.eoppimispalvelut.fi\/evinkki\/wp-json\/wp\/v2\/posts"}],"about":[{"href":"https:\/\/blogi.eoppimispalvelut.fi\/evinkki\/wp-json\/wp\/v2\/types\/post"}],"author":[{"embeddable":true,"href":"https:\/\/blogi.eoppimispalvelut.fi\/evinkki\/wp-json\/wp\/v2\/users\/6"}],"replies":[{"embeddable":true,"href":"https:\/\/blogi.eoppimispalvelut.fi\/evinkki\/wp-json\/wp\/v2\/comments?post=3753"}],"version-history":[{"count":19,"href":"https:\/\/blogi.eoppimispalvelut.fi\/evinkki\/wp-json\/wp\/v2\/posts\/3753\/revisions"}],"predecessor-version":[{"id":3773,"href":"https:\/\/blogi.eoppimispalvelut.fi\/evinkki\/wp-json\/wp\/v2\/posts\/3753\/revisions\/3773"}],"wp:attachment":[{"href":"https:\/\/blogi.eoppimispalvelut.fi\/evinkki\/wp-json\/wp\/v2\/media?parent=3753"}],"wp:term":[{"taxonomy":"category","embeddable":true,"href":"https:\/\/blogi.eoppimispalvelut.fi\/evinkki\/wp-json\/wp\/v2\/categories?post=3753"},{"taxonomy":"post_tag","embeddable":true,"href":"https:\/\/blogi.eoppimispalvelut.fi\/evinkki\/wp-json\/wp\/v2\/tags?post=3753"}],"curies":[{"name":"wp","href":"https:\/\/api.w.org\/{rel}","templated":true}]}}