{"id":28,"date":"2018-10-29T21:29:10","date_gmt":"2018-10-29T19:29:10","guid":{"rendered":"https:\/\/blogi.eoppimispalvelut.fi\/hhkarjalainen\/?p=28"},"modified":"2018-10-29T21:29:10","modified_gmt":"2018-10-29T19:29:10","slug":"projektiviestintaa-sosiaalisessa-mediassa","status":"publish","type":"post","link":"https:\/\/blogi.eoppimispalvelut.fi\/hhkarjalainen\/2018\/10\/29\/projektiviestintaa-sosiaalisessa-mediassa\/","title":{"rendered":"Projektiviestint\u00e4\u00e4 sosiaalisessa mediassa"},"content":{"rendered":"<p>Nykyp\u00e4iv\u00e4n\u00e4 sosiaalinen media on kaikkialla. Uskon vahvasti, ett\u00e4 sit\u00e4 kautta voimme saavuttaa helposti n\u00e4kyvyytt\u00e4 ja ennen kaikkea nopeasti. \u00a0Viestinn\u00e4n suunnittelu on t\u00e4rke\u00e4\u00e4, jotta voimme saada kohderyhm\u00e4t kiinnostumaan aiheesta. Sosiaalinen media \u201del\u00e4\u00e4\u201d koko ajan ja siell\u00e4 on kilpailtava koko ajan huomiosta. Aktiivisuus on t\u00e4rke\u00e4\u00e4. Ei riit\u00e4, ett\u00e4 julkaisee silloin t\u00e4ll\u00f6in jotain. Jos haluaa her\u00e4tt\u00e4\u00e4 kiinnostusta ja tuoda mit\u00e4 tahansa projektia\/hanketta ihmisten tietoisuuteen, t\u00e4ytyy olla valmis panostamaan viestint\u00e4\u00e4n. Ole siis aktiivinen.<!--more--><\/p>\n<p><span style=\"font-size: 1rem\">Mutta voiko somessa julkaista mit\u00e4 tahansa? Ehk\u00e4, mutta ei kannata. Julkaisujen laatu on t\u00e4rke\u00e4\u00e4, jotta oikea ja haluttu vaikutelma v\u00e4littyy kohderyhmille. Se vaatii tarkkaa suunnittelua ja on t\u00e4rke\u00e4mp\u00e4\u00e4 kuin julkaisujen m\u00e4\u00e4r\u00e4. Jos julkaisut ovat sis\u00e4ll\u00f6ilt\u00e4\u00e4n mit\u00e4\u00e4nsanomattomia tai laidasta laitaan, se antaa sekavan vaikutelman ja ensinn\u00e4kin sellaiset julkaisut hukkuvat muiden joukkoon. T\u00e4ytyy erottua joukosta. T\u00e4rke\u00e4\u00e4 olisikin, ett\u00e4 julkaisut ovat niin sanotusti yhten\u00e4isi\u00e4, jotta vaikutelma saadaan oikeanlaiseksi ja niit\u00e4 on helpompi sis\u00e4ist\u00e4\u00e4.<\/span><\/p>\n<figure id=\"attachment_29\" aria-describedby=\"caption-attachment-29\" style=\"width: 525px\" class=\"wp-caption aligncenter\"><img loading=\"lazy\" decoding=\"async\" class=\"size-large wp-image-29\" src=\"https:\/\/blogi.eoppimispalvelut.fi\/hhkarjalainen\/files\/2018\/10\/william-iven-19844-unsplash-1024x680.jpg\" alt=\"\" width=\"525\" height=\"349\" srcset=\"https:\/\/blogi.eoppimispalvelut.fi\/hhkarjalainen\/files\/2018\/10\/william-iven-19844-unsplash-1024x680.jpg 1024w, https:\/\/blogi.eoppimispalvelut.fi\/hhkarjalainen\/files\/2018\/10\/william-iven-19844-unsplash-300x199.jpg 300w, https:\/\/blogi.eoppimispalvelut.fi\/hhkarjalainen\/files\/2018\/10\/william-iven-19844-unsplash-768x510.jpg 768w\" sizes=\"auto, (max-width: 525px) 100vw, 525px\" \/><figcaption id=\"caption-attachment-29\" class=\"wp-caption-text\">Sosiaalista mediaa voi hy\u00f6dynt\u00e4\u00e4 monipuolisesti projektin viestinn\u00e4ss\u00e4. Kuva: unsplash.com<\/figcaption><\/figure>\n<p>Kannattaa my\u00f6s mietti\u00e4, mit\u00e4 julkaisee miss\u00e4kin eri sosiaalisen median kanavassa. Esimerkiksi Instagramissa jaetaan kuvia ja videoita, kun taas Facebookissa n\u00e4iden lis\u00e4ksi voidaan muun muassa julkaista tekstej\u00e4 ja jakaa linkkej\u00e4 esimerkiksi uutisista ja artikkeleista. Instagramissa pyrit\u00e4\u00e4n siis vaikuttamaan lukijaan melko pitk\u00e4lti pelk\u00e4st\u00e4\u00e4n visuaalisuudella. Kuvan tai videon yhteyteen on mahdollista kirjoittaa lyhyehk\u00f6 teksti kuvan tueksi, sek\u00e4 hashtagit on hyv\u00e4 muistaa, sill\u00e4 niiden avulla saadaan lis\u00e4\u00e4 n\u00e4kyvyytt\u00e4. Facebookissa taas tiedon jakaminen voi olla se, mill\u00e4 pyrit\u00e4\u00e4n her\u00e4tt\u00e4m\u00e4\u00e4n mielenkiinto.<\/p>\n<figure id=\"attachment_31\" aria-describedby=\"caption-attachment-31\" style=\"width: 525px\" class=\"wp-caption aligncenter\"><img loading=\"lazy\" decoding=\"async\" class=\"size-large wp-image-31\" src=\"https:\/\/blogi.eoppimispalvelut.fi\/hhkarjalainen\/files\/2018\/10\/rawpixel-603646-unsplash-1024x683.jpg\" alt=\"\" width=\"525\" height=\"350\" srcset=\"https:\/\/blogi.eoppimispalvelut.fi\/hhkarjalainen\/files\/2018\/10\/rawpixel-603646-unsplash-1024x683.jpg 1024w, https:\/\/blogi.eoppimispalvelut.fi\/hhkarjalainen\/files\/2018\/10\/rawpixel-603646-unsplash-300x200.jpg 300w, https:\/\/blogi.eoppimispalvelut.fi\/hhkarjalainen\/files\/2018\/10\/rawpixel-603646-unsplash-768x512.jpg 768w\" sizes=\"auto, (max-width: 525px) 100vw, 525px\" \/><figcaption id=\"caption-attachment-31\" class=\"wp-caption-text\">Yksinkertainen ja selke\u00e4 teema helpottaa lukijaa. Kuva: unsplash.com<\/figcaption><\/figure>\n<p>Yksi hyv\u00e4 esimerkki onnistuneesta projektin viestinn\u00e4st\u00e4 on <a href=\"https:\/\/www.lansimetro.fi\/tietoa-hankkeesta\/\"><strong>L\u00e4nsimetro-hanke<\/strong><\/a>. Hankkeen tarkoituksena on laajentaa metroliikennett\u00e4. Ykk\u00f6svaiheessa rakennettiin 14 kilometri\u00e4 pitk\u00e4 ratalinja Ruoholahdesta Matinkyl\u00e4\u00e4n ja se valmistui marraskuussa 2017. Parhaillaan on k\u00e4ynniss\u00e4 toinen vaihe, jossa rakennetaan seitsem\u00e4n kilometrin mittaista ratalinjaa ja viitt\u00e4 uutta asemaa. \u00a0\u00a0Minusta t\u00e4ss\u00e4 tiedottaminen on kaikin puolin onnistunut. On kattavat kotisivut, <a href=\"https:\/\/www.instagram.com\/metrorakentuu\/?hl=fi\"><strong>Instagram<\/strong><\/a>, <strong><a href=\"https:\/\/www.facebook.com\/metrorakentuu\/\">Facebook<\/a><\/strong> ja <strong><a href=\"https:\/\/lansimetro.wordpress.com\/\">blogi<\/a><\/strong>, joista l\u00f6ytyy valtavasti monipuolista ja mielenkiintoista tietoa hankkeesta ja siihen liittyvist\u00e4 asioista ja sit\u00e4 on helppoa ja vaivatonta seurata. T\u00e4llainen tiedottaminen sai ainakin minut kiinnostumaan aiheesta ja lukemaan siit\u00e4 lis\u00e4\u00e4. K\u00e4y sin\u00e4kin tutustumassa!<\/p>\n<p>-Heidi<\/p>\n","protected":false},"excerpt":{"rendered":"<p>Nykyp\u00e4iv\u00e4n\u00e4 sosiaalinen media on kaikkialla. Uskon vahvasti, ett\u00e4 sit\u00e4 kautta voimme saavuttaa helposti n\u00e4kyvyytt\u00e4 ja ennen kaikkea nopeasti. \u00a0Viestinn\u00e4n suunnittelu on t\u00e4rke\u00e4\u00e4, jotta voimme saada kohderyhm\u00e4t kiinnostumaan aiheesta. Sosiaalinen media \u201del\u00e4\u00e4\u201d koko ajan ja siell\u00e4 on kilpailtava koko ajan huomiosta. Aktiivisuus on t\u00e4rke\u00e4\u00e4. Ei riit\u00e4, ett\u00e4 julkaisee silloin t\u00e4ll\u00f6in jotain. Jos haluaa her\u00e4tt\u00e4\u00e4 kiinnostusta ja &hellip; <\/p>\n<p class=\"link-more\"><a href=\"https:\/\/blogi.eoppimispalvelut.fi\/hhkarjalainen\/2018\/10\/29\/projektiviestintaa-sosiaalisessa-mediassa\/\" class=\"more-link\">Jatka lukemista<span class=\"screen-reader-text\"> &#8220;Projektiviestint\u00e4\u00e4 sosiaalisessa mediassa&#8221;<\/span><\/a><\/p>\n","protected":false},"author":3285,"featured_media":0,"comment_status":"open","ping_status":"open","sticky":false,"template":"","format":"standard","meta":{"footnotes":""},"categories":[109,41764],"tags":[4228,104687,109,4230,7215],"class_list":["post-28","post","type-post","status-publish","format-standard","hentry","category-projekti","category-yleinen","tag-facebook","tag-instagram","tag-projekti","tag-some","tag-viestinta"],"_links":{"self":[{"href":"https:\/\/blogi.eoppimispalvelut.fi\/hhkarjalainen\/wp-json\/wp\/v2\/posts\/28","targetHints":{"allow":["GET"]}}],"collection":[{"href":"https:\/\/blogi.eoppimispalvelut.fi\/hhkarjalainen\/wp-json\/wp\/v2\/posts"}],"about":[{"href":"https:\/\/blogi.eoppimispalvelut.fi\/hhkarjalainen\/wp-json\/wp\/v2\/types\/post"}],"author":[{"embeddable":true,"href":"https:\/\/blogi.eoppimispalvelut.fi\/hhkarjalainen\/wp-json\/wp\/v2\/users\/3285"}],"replies":[{"embeddable":true,"href":"https:\/\/blogi.eoppimispalvelut.fi\/hhkarjalainen\/wp-json\/wp\/v2\/comments?post=28"}],"version-history":[{"count":1,"href":"https:\/\/blogi.eoppimispalvelut.fi\/hhkarjalainen\/wp-json\/wp\/v2\/posts\/28\/revisions"}],"predecessor-version":[{"id":32,"href":"https:\/\/blogi.eoppimispalvelut.fi\/hhkarjalainen\/wp-json\/wp\/v2\/posts\/28\/revisions\/32"}],"wp:attachment":[{"href":"https:\/\/blogi.eoppimispalvelut.fi\/hhkarjalainen\/wp-json\/wp\/v2\/media?parent=28"}],"wp:term":[{"taxonomy":"category","embeddable":true,"href":"https:\/\/blogi.eoppimispalvelut.fi\/hhkarjalainen\/wp-json\/wp\/v2\/categories?post=28"},{"taxonomy":"post_tag","embeddable":true,"href":"https:\/\/blogi.eoppimispalvelut.fi\/hhkarjalainen\/wp-json\/wp\/v2\/tags?post=28"}],"curies":[{"name":"wp","href":"https:\/\/api.w.org\/{rel}","templated":true}]}}