{"id":31,"date":"2016-09-11T13:46:47","date_gmt":"2016-09-11T10:46:47","guid":{"rendered":"https:\/\/blogi.eoppimispalvelut.fi\/korsonsaamelainen\/?p=31"},"modified":"2017-02-09T22:03:57","modified_gmt":"2017-02-09T20:03:57","slug":"jari-tervo-on-raakamakkara","status":"publish","type":"post","link":"https:\/\/blogi.eoppimispalvelut.fi\/korsonsaamelainen\/jari-tervo-on-raakamakkara\/","title":{"rendered":"JARI TERVO ON RAAKAMAKKARA"},"content":{"rendered":"<p>Satuin n\u00e4kem\u00e4\u00e4n raakamakkaran. N\u00e4in my\u00f6s videon jolla esiintyy Jari Tervo. Huomasin ett\u00e4 Jari Tervossa ja raakamakkarassa on paljon yhteist\u00e4. Pikaisesti laskin ett\u00e4 80, ehk\u00e4 jopa 90 prosenttia huomioimistani asioista ovat yhteisi\u00e4 raakamakkaralle ja Jari Tervolle. Molemmat ovat l\u00f6ysi\u00e4 vaaleita p\u00f6tk\u00f6j\u00e4. Jos tuollaisen l\u00f6ys\u00e4n p\u00f6tk\u00f6n j\u00e4tt\u00e4\u00e4 huomioimatta liian pitk\u00e4ksi aikaa, se alkaa haista. Luulen ett\u00e4 my\u00f6s keitt\u00e4minen aiheuttaa molemmissa samankaltaisia seuraamuksia. Ensin ne punottavat hiukan, sitten niist\u00e4 tulee v\u00e4h\u00e4n napakampia, ik\u00e4\u00e4n kuin kypsi\u00e4. Mutta jos keitt\u00e4mist\u00e4 jatkaa liian pitk\u00e4\u00e4n tulee molemmista etovaa m\u00f6ss\u00f6\u00e4.<\/p>\n<p>Tulee v\u00e4ist\u00e4m\u00e4tt\u00e4 mieleen ett\u00e4 media on keitt\u00e4nyt Jaria liian pitk\u00e4\u00e4n nostamalla h\u00e4net kansallisfilosofiksi kysym\u00e4ll\u00e4 n\u00e4kemyst\u00e4 jokaiseen k\u00e4sill\u00e4 olevaan asiaan. Eih\u00e4n siin\u00e4 mit\u00e4\u00e4n jos Jarilla olisi jotain sanottavaa erilaisiin aihepiireihin. Ik\u00e4v\u00e4 kyll\u00e4 n\u00e4ytt\u00e4\u00e4 silt\u00e4, ett\u00e4 oli kysymys mik\u00e4 tahansa, k\u00e4\u00e4ntyy kansallisfilosofin analyysi ruotimaan suomalaisten surkeutta ja sit\u00e4 ett\u00e4 l\u00e4hes kaikki suomalaiset ovat rasisteja. Paitsi tietysti h\u00e4n, h\u00e4nh\u00e4n on suvaitsevaisuuden ruumiillistuma.<\/p>\n<p>Onneksi Jari on nyt Ilta-Sanomissa tarkentanut mielens\u00e4 liikkeit\u00e4 ja kertoo mielikuvituksensa olevan lennokasta. Jari kertoo kuinka pelk\u00e4\u00e4 esimerkiksi pime\u00e4\u00e4. Ja m\u00f6kill\u00e4 ollessaan mielikuvitus laukkaa niin ett\u00e4 ikkunan takana tuntuu py\u00f6riv\u00e4n jos jonkinlaista m\u00f6r\u00f6k\u00f6lli\u00e4 v\u00e4ijyss\u00e4. Ei siin\u00e4 pelk\u00e4\u00e4misess\u00e4 mit\u00e4\u00e4n pahaa ole, ei se ole miehen mitta pelk\u00e4\u00e4k\u00f6 vai ei, mutta minusta tuntuu ett\u00e4 tuo pelko ulottuu kauas tuon m\u00f6kin pihapiirist\u00e4.<\/p>\n<p>Rasisti on Jarille sellainen m\u00f6rk\u00f6 ett\u00e4 h\u00e4nen mielikuvitus rakentaa niit\u00e4 h\u00e4nen ymp\u00e4rilleen yht\u00e4 v\u00e4\u00e4j\u00e4\u00e4m\u00e4tt\u00f6m\u00e4ll\u00e4 voimalla kuin niit\u00e4 yksisilm\u00e4isi\u00e4 renkej\u00e4 sinne m\u00f6kin ikkunan taakse. Toki rasisteja Suomessa on, mutta mielest\u00e4ni Jari voisi hiukan v\u00e4ljent\u00e4\u00e4 m\u00e4\u00e4ritelm\u00e4\u00e4ns\u00e4. Moinen rasistien n\u00e4keminen kaikkialla ymp\u00e4rill\u00e4\u00e4n vie energiaa. Tied\u00e4 miten monta kirjaa vuodessa Tervo napputtelisi jos k\u00e4ytt\u00e4isi energiaansa tehokkaammin ja lopettaisi olemattomien rasistien kytt\u00e4\u00e4misen.<\/p>\n<p>Raakamakkarasta ja Jari Tervon logiikasta viel\u00e4; Vaikken itse pid\u00e4k\u00e4\u00e4n Tervon loogisuutta arvossa, en voi t\u00e4ysin sivuuttaa h\u00e4nen toiminta ja ajattelumalleja. Onhan h\u00e4n kuitenkin arvostettu ajattelija. Jos suuren ajattelijan mielest\u00e4 muutamaan kyll\u00e4\/ei vastaukseen vastaaminen samoin kuin autisti, tekee jostakusta autistin, tekee tuo logiikka ainakin Jari Tervosta raakamakkaran. Olisiko siis raakamakkarastakin Jari Tervoksi? Se n\u00e4ht\u00e4neen viimeist\u00e4\u00e4n ensi kev\u00e4\u00e4n\u00e4, sill\u00e4 nostin raakamakkaran kirjoituskoneen eteen. Finlandia palkinnon voin k\u00e4yd\u00e4 pokkaamassa raakamakkaran puolesta, jos se vain ei ole jonkun mielest\u00e4 rasismia.<\/p>\n","protected":false},"excerpt":{"rendered":"<p>Satuin n\u00e4kem\u00e4\u00e4n raakamakkaran. N\u00e4in my\u00f6s videon jolla esiintyy Jari Tervo. Huomasin ett\u00e4 Jari Tervossa ja raakamakkarassa on paljon yhteist\u00e4. Pikaisesti laskin ett\u00e4 80, ehk\u00e4 jopa 90 prosenttia huomioimistani asioista ovat yhteisi\u00e4 raakamakkaralle ja Jari Tervolle. Molemmat ovat l\u00f6ysi\u00e4 vaaleita p\u00f6tk\u00f6j\u00e4. Jos tuollaisen l\u00f6ys\u00e4n p\u00f6tk\u00f6n j\u00e4tt\u00e4\u00e4 huomioimatta liian pitk\u00e4ksi aikaa, se alkaa haista. Luulen ett\u00e4 my\u00f6s &hellip; <a href=\"https:\/\/blogi.eoppimispalvelut.fi\/korsonsaamelainen\/jari-tervo-on-raakamakkara\/\" class=\"more-link\">Jatka artikkeliin <span class=\"screen-reader-text\">JARI TERVO ON RAAKAMAKKARA<\/span><\/a><\/p>\n","protected":false},"author":1850,"featured_media":0,"comment_status":"open","ping_status":"open","sticky":false,"template":"","format":"standard","meta":{"_monsterinsights_skip_tracking":false,"_monsterinsights_sitenote_active":false,"_monsterinsights_sitenote_note":"","_monsterinsights_sitenote_category":0,"footnotes":""},"categories":[41764],"tags":[122922,122907,122924,122923],"class_list":["post-31","post","type-post","status-publish","format-standard","hentry","category-yleinen","tag-jari-tervo","tag-korsonsaamelainen","tag-raakamakkara","tag-rasismi"],"_links":{"self":[{"href":"https:\/\/blogi.eoppimispalvelut.fi\/korsonsaamelainen\/wp-json\/wp\/v2\/posts\/31","targetHints":{"allow":["GET"]}}],"collection":[{"href":"https:\/\/blogi.eoppimispalvelut.fi\/korsonsaamelainen\/wp-json\/wp\/v2\/posts"}],"about":[{"href":"https:\/\/blogi.eoppimispalvelut.fi\/korsonsaamelainen\/wp-json\/wp\/v2\/types\/post"}],"author":[{"embeddable":true,"href":"https:\/\/blogi.eoppimispalvelut.fi\/korsonsaamelainen\/wp-json\/wp\/v2\/users\/1850"}],"replies":[{"embeddable":true,"href":"https:\/\/blogi.eoppimispalvelut.fi\/korsonsaamelainen\/wp-json\/wp\/v2\/comments?post=31"}],"version-history":[{"count":2,"href":"https:\/\/blogi.eoppimispalvelut.fi\/korsonsaamelainen\/wp-json\/wp\/v2\/posts\/31\/revisions"}],"predecessor-version":[{"id":72,"href":"https:\/\/blogi.eoppimispalvelut.fi\/korsonsaamelainen\/wp-json\/wp\/v2\/posts\/31\/revisions\/72"}],"wp:attachment":[{"href":"https:\/\/blogi.eoppimispalvelut.fi\/korsonsaamelainen\/wp-json\/wp\/v2\/media?parent=31"}],"wp:term":[{"taxonomy":"category","embeddable":true,"href":"https:\/\/blogi.eoppimispalvelut.fi\/korsonsaamelainen\/wp-json\/wp\/v2\/categories?post=31"},{"taxonomy":"post_tag","embeddable":true,"href":"https:\/\/blogi.eoppimispalvelut.fi\/korsonsaamelainen\/wp-json\/wp\/v2\/tags?post=31"}],"curies":[{"name":"wp","href":"https:\/\/api.w.org\/{rel}","templated":true}]}}