{"id":35,"date":"2016-09-25T22:10:01","date_gmt":"2016-09-25T19:10:01","guid":{"rendered":"https:\/\/blogi.eoppimispalvelut.fi\/korsonsaamelainen\/?p=35"},"modified":"2017-02-09T22:03:30","modified_gmt":"2017-02-09T20:03:30","slug":"rasismi-on-ruma-sana","status":"publish","type":"post","link":"https:\/\/blogi.eoppimispalvelut.fi\/korsonsaamelainen\/rasismi-on-ruma-sana\/","title":{"rendered":"RASISMI ON RUMA SANA"},"content":{"rendered":"<p>Valtakunnan otsikot kiljuvat rasismista. No, ei siin\u00e4 mit\u00e4\u00e4n, rasismi on ik\u00e4v\u00e4 ilmi\u00f6 josta pit\u00e4\u00e4 tietysti p\u00e4\u00e4st\u00e4 eroon. Ongelmana on vain nyky\u00e4\u00e4n se mit\u00e4 vasemmistoterroristit kokevat rasismiksi. On totta ett\u00e4 rasismin m\u00e4\u00e4ritelm\u00e4 on laajentunut. Sen on ollut pakko laajentua koska rasismia sanan varsinaisessa merkityksess\u00e4 esiintyy niin \u00e4\u00e4rimm\u00e4isen harvoin. Tietysti surkimukset huutelevat kaduillakin satunnaisille ohikulkijoille, mutta todellista suunnitelmallista rasismia ei harrasta kuin muutamien kymmenien tai satojen yhteiskunnasta vieraantuneiden joukko.<\/p>\n<p>Mutta mit\u00e4 on tapahtunut ett\u00e4 Li Andersson kaltaisineen n\u00e4kee rasismia kaikessa mik\u00e4 on heid\u00e4n ydinajattelunsa vastaista? Miten on mahdollista ett\u00e4 koulutettu ihminen on niin sokeutunut omasta ideologiastaan ett\u00e4 kokee kaikki muut katsontakannat rasismiksi? Ilmeisesti kyseess\u00e4 on sama joukkohurmos jota uusnatsit kokevat. Yhteenkuuluvuus ja aatteen palo viev\u00e4t puhdin perustellultakin vasta-argumentilta. Senh\u00e4n Li uusnatseja tutkineena varmasti tiet\u00e4\u00e4. Harmi vain ettei peilist\u00e4 n\u00e4y aatteen palo, Li saattaisi s\u00e4ik\u00e4ht\u00e4\u00e4\u2026<\/p>\n<p>Miten voi olla vasemmiston h\u00f6yryp\u00e4ille niin vaikeaa uskoa ett\u00e4 maahanmuuttoa voi vastustaa olematta rasisti? Maahanmuuton haitoista l\u00f6ytyy kilometrikaupalla tietoa, jos vain haluaa etsi\u00e4. No, l\u00f6ytyy se tieto etsim\u00e4tt\u00e4kin. Lin kaltaisten aktivistien olisi syyt\u00e4 muistaa ett\u00e4 ihminen voi kokea eri asiat t\u00e4rkeiksi painottaessaan mielipiteit\u00e4\u00e4n vaakakuppiin. Jos min\u00e4 esimerkiksi arvostan sit\u00e4 ett\u00e4 maahanmuuttajat integroituvat, ty\u00f6llistyv\u00e4t, \u00a0eiv\u00e4tk\u00e4 erotu rikostilastoissa kantav\u00e4est\u00f6\u00f6n verrattuna, niin min\u00e4 en todellakaan hurraa pohjoisafrikkalaisten nuorten muslimimiesten maahanvy\u00f6rylle.<\/p>\n<p>Lin kaltaisen oppineen ihmisen olisi syyt\u00e4 k\u00e4\u00e4nt\u00e4\u00e4 joskus ajattelu toisin p\u00e4in. Li voisi kysy\u00e4 itselt\u00e4\u00e4n ett\u00e4 miksi ihmisten pit\u00e4isi hurrata pakolaisvy\u00f6ryn tullessa maahan? Ei riit\u00e4 syyksi alkuunkaan ett\u00e4 kaikkia pit\u00e4\u00e4 auttaa. Kaikkia ei nimitt\u00e4in voi auttaa. Jos vasemmistoradikaalit olisivat alusta alkaen ottaneet asiaan k\u00e4yt\u00e4nn\u00f6n n\u00e4k\u00f6kulman, tied\u00e4 vaikka meill\u00e4 olisi toimiva maahanmuuttopolitiikka jossa autettaisiin naisia ja lapsia, niit\u00e4 oikeita h\u00e4d\u00e4nalaisia. Nyt meill\u00e4 ei ole kuin surkea j\u00e4rjestelm\u00e4 jota t\u00f6rke\u00e4sti hyv\u00e4ksik\u00e4ytt\u00e4v\u00e4t sosiaalisurffarit joilla ei ole tarkoitus sen enemp\u00e4\u00e4 integroitua yhteiskuntaan eik\u00e4 palata kotiin j\u00e4lleenrakentamaan tuhottua maata.<\/p>\n<p>Nyt meill\u00e4 on kahtia jakautunut maa ja kansakunta. Natsi potkaisee narkkaria joka sylkee p\u00e4\u00e4lle, ja heti \u00a015000 ihmist\u00e4 l\u00e4htee osoittamaan mielt\u00e4. Ei siin\u00e4 mit\u00e4\u00e4n, aihe on vakava, mutta ik\u00e4v\u00e4 kyll\u00e4 n\u00e4m\u00e4 15000 pilliin puhaltajaa eiv\u00e4t osoita mielt\u00e4 niit\u00e4 20-30 natsia vastaan jotka ovat niit\u00e4 rasisteja, vaan n\u00e4m\u00e4 typerykset ovat jo kuukausia leimanneet kaikki maahanmuuttoa vastustavat henkil\u00f6t rasisteiksi. N\u00e4m\u00e4 \u00e4\u00e4li\u00f6t ovat my\u00f6s leimanneet kaikki Perussuomalaisten \u00e4\u00e4nest\u00e4j\u00e4t rasisteiksi, jopa natseiksi. Kuulostaa tutulta. 30-luvulla er\u00e4s Aatu alkoi kiihottaa kansaa samalla tyylill\u00e4, \u201djoko meid\u00e4n puolella tai meit\u00e4 vastaan\u201d.<\/p>\n<p>Vasemmisto-v\u00e4kivalta ja \u2013terrorismi nostaa p\u00e4\u00e4t\u00e4\u00e4n. Busseja palaa ja nettikeskusteluissa hipit lietsovat v\u00e4kivaltaa persupoliitikkoja kohtaan.\u00a0 Kun n\u00e4m\u00e4 vasemmistoradikaalit kokevat oikeudekseen koventaa otteita, jopa k\u00e4ytt\u00e4\u00e4 v\u00e4kivaltaa ja terrorismia asiansa ajamiseen alkaa toiminta kuulostaa totalitarismin tavoittelulta. Kun Senaatintorilla vihellettiin pilliin niin tarkoitettiinko rasismilla natseja ja fasismilla vasemmistoliittoa? Toivottavasti.<\/p>\n","protected":false},"excerpt":{"rendered":"<p>Valtakunnan otsikot kiljuvat rasismista. No, ei siin\u00e4 mit\u00e4\u00e4n, rasismi on ik\u00e4v\u00e4 ilmi\u00f6 josta pit\u00e4\u00e4 tietysti p\u00e4\u00e4st\u00e4 eroon. Ongelmana on vain nyky\u00e4\u00e4n se mit\u00e4 vasemmistoterroristit kokevat rasismiksi. On totta ett\u00e4 rasismin m\u00e4\u00e4ritelm\u00e4 on laajentunut. Sen on ollut pakko laajentua koska rasismia sanan varsinaisessa merkityksess\u00e4 esiintyy niin \u00e4\u00e4rimm\u00e4isen harvoin. Tietysti surkimukset huutelevat kaduillakin satunnaisille ohikulkijoille, mutta todellista &hellip; <a href=\"https:\/\/blogi.eoppimispalvelut.fi\/korsonsaamelainen\/rasismi-on-ruma-sana\/\" class=\"more-link\">Jatka artikkeliin <span class=\"screen-reader-text\">RASISMI ON RUMA SANA<\/span><\/a><\/p>\n","protected":false},"author":1850,"featured_media":0,"comment_status":"open","ping_status":"open","sticky":false,"template":"","format":"standard","meta":{"_monsterinsights_skip_tracking":false,"_monsterinsights_sitenote_active":false,"_monsterinsights_sitenote_note":"","_monsterinsights_sitenote_category":0,"footnotes":""},"categories":[41764],"tags":[122907,122926,122923,122921,122925],"class_list":["post-35","post","type-post","status-publish","format-standard","hentry","category-yleinen","tag-korsonsaamelainen","tag-li-andersson","tag-rasismi","tag-suvaitsevaisuus","tag-vasemmisto"],"_links":{"self":[{"href":"https:\/\/blogi.eoppimispalvelut.fi\/korsonsaamelainen\/wp-json\/wp\/v2\/posts\/35","targetHints":{"allow":["GET"]}}],"collection":[{"href":"https:\/\/blogi.eoppimispalvelut.fi\/korsonsaamelainen\/wp-json\/wp\/v2\/posts"}],"about":[{"href":"https:\/\/blogi.eoppimispalvelut.fi\/korsonsaamelainen\/wp-json\/wp\/v2\/types\/post"}],"author":[{"embeddable":true,"href":"https:\/\/blogi.eoppimispalvelut.fi\/korsonsaamelainen\/wp-json\/wp\/v2\/users\/1850"}],"replies":[{"embeddable":true,"href":"https:\/\/blogi.eoppimispalvelut.fi\/korsonsaamelainen\/wp-json\/wp\/v2\/comments?post=35"}],"version-history":[{"count":2,"href":"https:\/\/blogi.eoppimispalvelut.fi\/korsonsaamelainen\/wp-json\/wp\/v2\/posts\/35\/revisions"}],"predecessor-version":[{"id":71,"href":"https:\/\/blogi.eoppimispalvelut.fi\/korsonsaamelainen\/wp-json\/wp\/v2\/posts\/35\/revisions\/71"}],"wp:attachment":[{"href":"https:\/\/blogi.eoppimispalvelut.fi\/korsonsaamelainen\/wp-json\/wp\/v2\/media?parent=35"}],"wp:term":[{"taxonomy":"category","embeddable":true,"href":"https:\/\/blogi.eoppimispalvelut.fi\/korsonsaamelainen\/wp-json\/wp\/v2\/categories?post=35"},{"taxonomy":"post_tag","embeddable":true,"href":"https:\/\/blogi.eoppimispalvelut.fi\/korsonsaamelainen\/wp-json\/wp\/v2\/tags?post=35"}],"curies":[{"name":"wp","href":"https:\/\/api.w.org\/{rel}","templated":true}]}}