{"id":1443,"date":"2017-12-13T08:35:02","date_gmt":"2017-12-13T06:35:02","guid":{"rendered":"https:\/\/blogi.eoppimispalvelut.fi\/lumenlehti\/?p=1443"},"modified":"2017-12-13T08:37:12","modified_gmt":"2017-12-13T06:37:12","slug":"mikroyritysten-verkostoista-voimaa-kansainvalisille-markkinoille","status":"publish","type":"post","link":"https:\/\/blogi.eoppimispalvelut.fi\/lumenlehti\/2017\/12\/13\/mikroyritysten-verkostoista-voimaa-kansainvalisille-markkinoille\/","title":{"rendered":"Mikroyritysten verkostoista voimaa kansainv\u00e4lisille markkinoille"},"content":{"rendered":"<p><em>Saila-Inkeri Puukko, KM, projektisuunnittelija, Kaupan ja kulttuurin osaamisala, Lapin ammattikorkeakoulu. Kirjoittaja koordinoi kahta kansainv\u00e4list\u00e4 hanketta Pohjoisen Periferian &amp; Arktisen sek\u00e4 Interreg Pohjoisen ohjelmista. Molemmissa hankkeissa kohderyhm\u00e4n\u00e4 on mikroyritt\u00e4ji\u00e4.<\/em><\/p>\n<p>&nbsp;<\/p>\n<p><a href=\"http:\/\/www.lapinamk.fi\/loader.aspx?id=82bd3064-57f2-48a4-bf97-3b3411d46e5d\">Lataa PDF-tiedosto<\/a><\/p>\n<p>&nbsp;<\/p>\n<h2>Pohjoisen periferian ja arktisen ohjelma verkottaa \u201claidalla\u201d toimivat alueet<\/h2>\n<p>Pohjoisen periferian ja arktisen (NPA) ohjelma-alue (2014-2020) kokoaa yhteen 9 maata. N\u00e4it\u00e4 maita ovat muun muassa Irlanti, Islanti, Suomi ja Norja. Alue on maantieteellisesti iso, yhteinen nimitt\u00e4j\u00e4 on kuitenkin maiden perifeerisyys ja siihen liittyv\u00e4t haasteet. Sivistyssanakirja m\u00e4\u00e4rittelee periferian \u00e4\u00e4rialueena ja syrj\u00e4seutuna. Olemme toisin sanoen jonkin \u201claidalla\u201d. NPA ohjelma pyrkii luomaan yhteyksi\u00e4, verkottamaan n\u00e4it\u00e4 \u201claidalla\u201d toimivia maita, l\u00f6yt\u00e4m\u00e4\u00e4n yhteisi\u00e4 tavoitteita ja ratkomaan ongelmia, joita ovat muun muassa harva-asutus, pitk\u00e4t et\u00e4isyydet sek\u00e4 ilmastonmuutoksen vaikutukset (Interreg NPA, viitattu 30.11.2017).<\/p>\n<p>Ohjelma-alueelle ominaista on my\u00f6skin korkea mikro- ja pienyritt\u00e4jien m\u00e4\u00e4r\u00e4, erityisesti t\u00e4m\u00e4 n\u00e4kyy luovalla alalla. Yritykset, jotka ovat levitt\u00e4ytyneet laajalle maantieteelliselle alueelle. T\u00e4m\u00e4 on erityisesti todellisuutta Suomen NPA-alueella, joka ulottuu aina pohjoisimmasta Lapista aina Jyv\u00e4skyl\u00e4n seuduille saakka. Oma toiminta-alueemme koordinoimassani NPA-rahoitteisessa Creative Momentum hankkeessa on koko Pohjois-Suomi, joka on maantieteellisesti isompi alue kuin esimerkiksi ohjelma-maihin kuuluva Islanti.<\/p>\n<p><img loading=\"lazy\" decoding=\"async\" class=\"alignnone size-full wp-image-1349\" src=\"https:\/\/blogi.eoppimispalvelut.fi\/lumenlehti\/files\/2017\/12\/Kuva-Puukko-Saila-kartta.jpg\" alt=\"\" width=\"800\" height=\"566\" srcset=\"https:\/\/blogi.eoppimispalvelut.fi\/lumenlehti\/files\/2017\/12\/Kuva-Puukko-Saila-kartta.jpg 800w, https:\/\/blogi.eoppimispalvelut.fi\/lumenlehti\/files\/2017\/12\/Kuva-Puukko-Saila-kartta-300x212.jpg 300w\" sizes=\"auto, (max-width: 800px) 100vw, 800px\" \/><\/p>\n<p>Kuva 1. Pohjoisen Periferian ja Arktisen ohjelma-alue<\/p>\n<h2>Digitaalisten verkostojen merkitys yksinyritt\u00e4j\u00e4lle<\/h2>\n<p>NPA-ohjelma etsii uusia ja innovatiivisia ratkaisuja saada n\u00e4m\u00e4 toimijat, erityisesti alueen yritykset, yhteen, vaihtamaan ajatuksia ja parhaita toimintatapoja. Uudet digitaaliset ty\u00f6kalut ovat yksi ratkaisu verkottaa n\u00e4it\u00e4 toimijoita huolimatta alueiden ja maiden v\u00e4lisist\u00e4 pitkist\u00e4 et\u00e4isyyksist\u00e4. T\u00e4ll\u00e4 alueella on kuitenkin viel\u00e4 paljon teht\u00e4v\u00e4\u00e4.<\/p>\n<p>Erityisesti luovan alan yritykset ovat hyvin heterogeeninen ryhm\u00e4 ja digitaalisten ty\u00f6kalujen haltuunotto voi olla hyvin vaihtelevaa riippuen toimialasta. Yksinyritt\u00e4jille uusien ty\u00f6kalujen haltuunottoon liittyy my\u00f6s aikataulu- ja motivaatiokysymyksi\u00e4. Yritt\u00e4j\u00e4n tulee n\u00e4hd\u00e4 ty\u00f6kalujen, kuten my\u00f6s kansainv\u00e4lisen yhteisty\u00f6n osalta suoraa hy\u00f6ty\u00e4 omaan p\u00e4ivitt\u00e4iseen liiketoimintaansa.<\/p>\n<p>Digitaaliset ty\u00f6kalut ovat k\u00e4yt\u00f6ss\u00e4 my\u00f6s Creative Momentum hankkeessa, jossa alueen luovan alan yritysten verkottajana toimii MyCreativeEdge sivusto. Tavoitteena on luoda niin sanottu mini-portfolio visuaalisten elementtien avulla. Sivut voivat tarpeen mukaan korvata my\u00f6s yritt\u00e4j\u00e4n omat kotisivut. Haasteita aiheuttaa kuitenkin se, ett\u00e4 sivusto on englanninkielinen. Lis\u00e4ksi pienimuotoista \u201crimakauhua\u201d voi aiheuttaa sivuston vahva painottuminen kuviin. Kuitenkin kuvien merkitys digitaalisessa markkinoinnissa kasvaa ja vuonna 2018 jopa 80% netti ja some-markkinoinnista on visuaalista (http:\/\/www.communicationmonitor.eu).<\/p>\n<p><img loading=\"lazy\" decoding=\"async\" class=\"alignnone size-large wp-image-1348\" src=\"https:\/\/blogi.eoppimispalvelut.fi\/lumenlehti\/files\/2017\/12\/Kuva-Puukko-Saila-jonnalamminahoMYCE-1024x567.jpg\" alt=\"\" width=\"610\" height=\"338\" srcset=\"https:\/\/blogi.eoppimispalvelut.fi\/lumenlehti\/files\/2017\/12\/Kuva-Puukko-Saila-jonnalamminahoMYCE-1024x567.jpg 1024w, https:\/\/blogi.eoppimispalvelut.fi\/lumenlehti\/files\/2017\/12\/Kuva-Puukko-Saila-jonnalamminahoMYCE-300x166.jpg 300w\" sizes=\"auto, (max-width: 610px) 100vw, 610px\" \/><\/p>\n<p>Kuva 2. MyCreativeEdge profiili, Jonna Lamminaho Artist<\/p>\n<p>V\u00e4hitellen sivustolle on alkanut tulla enemm\u00e4n uusia k\u00e4ytt\u00e4ji\u00e4. My\u00f6s statistiikka tukee t\u00e4t\u00e4. Sivustovierailujen m\u00e4\u00e4r\u00e4 MyCreativeEdge sivustolle on suomessa kasvanut yli 500% ja viimeisen kahden kuukauden aikana. Yhteens\u00e4 sivustolla on vieraillut 8680 k\u00e4vij\u00e4\u00e4 syys-lokakuun aikana (MyCreativeEdge, digital marketing campaign autumn review, viitattu 30.11.2017).<\/p>\n<h2>Klustereista apua kansainv\u00e4liseen vientiin<\/h2>\n<p>Klusterit m\u00e4\u00e4ritell\u00e4\u00e4n wikipedian mukaan yritysten ja yhteis\u00f6jen maantieteellisiksi keskittymiksi (Wikipedia, viitattu 30.11.2017:<br \/>\nhttps:\/\/fi.wikipedia.org\/wiki\/Klusteri_(taloustiede)). Tavoitteena on, ett\u00e4 verkostoyhteis\u00f6 on vahvempi kuin yksitt\u00e4inen yritt\u00e4j\u00e4. Klustereiden merkitys korostuu my\u00f6s NPA ohjelmassa. Yksitt\u00e4isten yritt\u00e4jien sijasta halutaan tukea verkostomuotoista toimintaa alueella ja kansainv\u00e4lisesti.<\/p>\n<p>Olemme hankekumppaneiden kanssa parhaillaan ideoimassa jatkoprojektia Creative Momentum hankkeelle. Yksi mielenkiintoinen n\u00e4k\u00f6kulma projekti-idean kehittelyss\u00e4 on klusterimaisen toiminnan edist\u00e4misen. Haastatellessani paikallista muotoilu-alan yritt\u00e4j\u00e4 Julius Of\u00f6rsagdia, tuli klusterimainen toiminta vahvasti esille. H\u00e4n on pyrkinyt viem\u00e4\u00e4n arktista muotoilua maailmalle osallistumalla hankkeen tukemana muun muassa kansainv\u00e4liseen muotoilu-alan tapahtumaan Milanossa ja osallistumalla Maailman muotoiluviikkojen verkoston tapaamiseen. Tavoitteena on saada Suomi ja Lappi maailmankartalle (MyCreativeEdge, Julius Of\u00f6rsagd participated Salone Del Mobile Milano, viitattu 30.11.2017).<\/p>\n<p><img loading=\"lazy\" decoding=\"async\" class=\"alignnone size-large wp-image-1350\" src=\"https:\/\/blogi.eoppimispalvelut.fi\/lumenlehti\/files\/2017\/12\/Kuva-Saila-Puukko-Julius_pic-1024x768.jpg\" alt=\"\" width=\"610\" height=\"458\" srcset=\"https:\/\/blogi.eoppimispalvelut.fi\/lumenlehti\/files\/2017\/12\/Kuva-Saila-Puukko-Julius_pic.jpg 1024w, https:\/\/blogi.eoppimispalvelut.fi\/lumenlehti\/files\/2017\/12\/Kuva-Saila-Puukko-Julius_pic-300x225.jpg 300w\" sizes=\"auto, (max-width: 610px) 100vw, 610px\" \/><\/p>\n<p>Kuva 3. Julius Of\u00f6rsagd Salone Del Mobile tapahtumassa (kuva: Julius Of\u00f6rsagd)<\/p>\n<p>\u201dMaailmankartalle\u201d vienti ei voi kuitenkaan olla yhden ihmisen harteilla. Julius per\u00e4\u00e4nkuuluttaakin hanketoiminnan yh\u00e4 vahvempaa tukea klustereiden muodostamisessa, niin k\u00e4yt\u00e4nn\u00f6n prosessin tukemisessa kuin kansainv\u00e4listen verkostojen luonnissa.<\/p>\n<p>Mutta miten hanke voi tukea klusterimaista toimintaa? Mielest\u00e4ni hankkeen avulla ei voi synnytt\u00e4\u00e4 klustereita tai mink\u00e4\u00e4nlaisia verkostoja tyhj\u00e4st\u00e4. Vaikka yhteisty\u00f6n mahdollisuuksia luodaankin projektien avulla, on yritt\u00e4jien itse oltava aktiivisesti muodostamassa ja kehitt\u00e4m\u00e4ss\u00e4 niit\u00e4. Jos omaa motivaatiota ja selke\u00e4\u00e4 visiota ei ole, eiv\u00e4t verkostot tule olemaan kovin pitk\u00e4ik\u00e4isi\u00e4. T\u00e4m\u00e4 on my\u00f6s hankkeen n\u00e4k\u00f6kulmasta haaste. T\u00e4rke\u00e4\u00e4 on kysy\u00e4 miten verkostot el\u00e4v\u00e4t ja pysyv\u00e4t tiiviin\u00e4 viel\u00e4 projektin j\u00e4lkeen?<\/p>\n<p>Digitaalisten ty\u00f6kalujen kehittymisest\u00e4 huolimatta kasvokkainen kohtaaminen on t\u00e4rke\u00e4\u00e4. T\u00e4m\u00e4n j\u00e4lkeen on yhteisty\u00f6 my\u00f6s et\u00e4isyyksien p\u00e4\u00e4st\u00e4 helpompaa. Kasvokkainen kohtaaminen mahdollistaa vahvojen verkostojen syntymisen. T\u00e4st\u00e4 esimerkkin\u00e4 hankkeessa mukana ollut oululainen tuotantoyhti\u00f6 EverWhat Production, joka sai myyty\u00e4 tuottamansa joulukalenterin ymp\u00e4ri maailmaa verkostoitumalla ja tehokkaalla markkinoinnilla Cannesin elokuvajuhlilla (Yle uutiset 21.11.2017, https:\/\/yle.fi\/uutiset\/3-9940083).<\/p>\n<p>Paikalliset luovan alan yritt\u00e4jien klusterit voivat my\u00f6s kehitt\u00e4\u00e4 matkailualan ohjelmapalveluita. Taannoin k\u00e4vimme tapaamassa inarilaisia k\u00e4sity\u00f6yritt\u00e4jien porukkaa. Yksi mielenkiintoinen keskustelunavaus liittyi yhteiseen ohjelmapalveluiden tuotteistamiseen matkailijoille. T\u00e4m\u00e4 on yksi tapa rakentaa paikallisia klustereita saman alan yritt\u00e4jien v\u00e4lille. Yhteinen hy\u00f6ty ja tarve luo motivaatiota rakentaa verkostoja. T\u00e4ss\u00e4kin ryhm\u00e4nsparraajana ja primus-moottorina toimi pohjoisimman Lapin Leader-ryhm\u00e4, joka tarjoaa osaltaan hanketukea my\u00f6s yritysryhmien muodostamiseen (Mavi, viitattu 30.11.2017).<\/p>\n<p>Huomionarvioista on, ett\u00e4 klustereita voi muodostaa my\u00f6s EU-ohjelmien v\u00e4lille, esimerkkin\u00e4 t\u00e4st\u00e4 hiljattain lanseerattu Arctic Cooperation \u2013ohjelma, jota NPA koordoinoi. Arktinen yhteisty\u00f6 t\u00e4ht\u00e4\u00e4 erityisesti alueen laajempaan kehitysty\u00f6h\u00f6n. Klusterihankkeiden tavoitteena on olla yh\u00e4 vahvempi arktisten ja perifeeristen alueiden toimija (Arctic cooperation, viitattu 30.11.2017: http:\/\/www.interreg-npa.eu\/arctic-cooperation\/)<\/p>\n<h2>Rajat ylitt\u00e4v\u00e4\u00e4 vai kansainv\u00e4list\u00e4 yhteisty\u00f6t\u00e4 \u2013 onko sill\u00e4 merkityst\u00e4?<\/h2>\n<p><em>Crossborder, transnational<\/em> ja <em>international. <\/em>N\u00e4m\u00e4 ovat kansainv\u00e4lisiss\u00e4 hankkeissa ja rahoitusohjelmissa vilahtelevia sanoja. Mutta mit\u00e4 ne tarkoittavat ja eroavatko ne toisistaan. Varmasti jokainen sekoittaa n\u00e4m\u00e4 sanat, mutta hyv\u00e4 hankekirjoittaja seurailee tarkkaan ohjelma-asiakirjan sanastoja ja toistaa siell\u00e4 esiintyvi\u00e4 termej\u00e4.<\/p>\n<p>Esimerkiksi Interreg Pohjoisen (http:\/\/www.interregnord.com\/fi\/) ohjelmassa korostetaan rajat ylitt\u00e4v\u00e4\u00e4 yhteisty\u00f6t\u00e4, joka k\u00e4yt\u00e4nn\u00f6ss\u00e4 tarkoittaa naapurimaidemme (Suomi, Ruotsi ja Norja) keskin\u00e4ist\u00e4 yhteisty\u00f6t\u00e4. NPA-ohjelmassa termi <em>\u201d<\/em>transnational\u201d kuvataan seuraavasti: \u201dgoing beyond national boundaries or interests\u201d (http:\/\/www.dictionary.com\/browse\/transnational). Suomeksi termi voitaisiin k\u00e4\u00e4nt\u00e4\u00e4 sanaksi \u201dylikansallinen\u201d. NPA ohjelmassa t\u00e4m\u00e4 viittaa ohjelma-alueella sijaitsevien maiden v\u00e4liseen toimintaan. International eli kansainv\u00e4linen taas sis\u00e4lt\u00e4\u00e4 periaatteessa n\u00e4m\u00e4 kummatkin termit, mutta olemmeko kansainv\u00e4lisi\u00e4 ylitt\u00e4ess\u00e4mme Torniossa rajan Haaparannalle?<\/p>\n<p>Yksitt\u00e4isen yritt\u00e4j\u00e4n n\u00e4k\u00f6kulmasta asialla ei kovin paljon merkityst\u00e4. P\u00e4\u00e4asia on, ett\u00e4 yh\u00e4 useammalle mikroyritt\u00e4j\u00e4lle tarjoutuu mahdollisuus verkottua my\u00f6s yli rajojen. Helpointa se on toki naapurimaihin, mutta miksemme l\u00f6yt\u00e4isi ihan uusia markkinoita ja kumppaneita vaikkapa Irlannista. Kansainv\u00e4liset EU-ohjelmat, kuten Interreg Pohjoinen, Kolarctic CBC tai NPA ovat mahdollisuuksia luoda uusia ja vahvempia kansainv\u00e4lisi\u00e4 verkostoja.<\/p>\n<h2>Viittaukset<\/h2>\n<p>Pohjoisen periferian &amp; arktisen ohjelma-asiakirja<br \/>\n<a href=\"http:\/\/www.interreg-npa.eu\/fileadmin\/Programme_Documents\/Programme_Manual.pdf\">http:\/\/www.interreg-npa.eu\/fileadmin\/Programme_Documents\/Programme_Manual.pdf<\/a><\/p>\n<p>European communication monitor &#8211; the largest study on strategic communication and public relations worldwide <a href=\"http:\/\/www.communicationmonitor.eu\">http:\/\/www.communicationmonitor.eu<\/a><\/p>\n<p>MyCreativeEdge \u2013 Digital Marketing Campaign, autumn review<br \/>\n<a href=\"https:\/\/mycreativeedge.eu\/news-item\/mycreativeedge-digital-marketing-campaign-autumn-review\/\">https:\/\/mycreativeedge.eu\/news-item\/mycreativeedge-digital-marketing-campaign-autumn-review\/<\/a><\/p>\n<p>MyCreativeEdge \u2013 Julius Of\u00f6rsagd participated Salone Del Mobile Milano <a href=\"https:\/\/mycreativeedge.eu\/in-profile-item\/julius-oforsagd-participated-salone-del-mobile-milano\/\">https:\/\/mycreativeedge.eu\/in-profile-item\/julius-oforsagd-participated-salone-del-mobile-milano\/<\/a><\/p>\n<p>Klusterit<br \/>\n<a href=\"https:\/\/fi.wikipedia.org\/wiki\/Klusteri_(taloustiede)\">https:\/\/fi.wikipedia.org\/wiki\/Klusteri_(taloustiede)<\/a><\/p>\n<p>Mavi \u2013 yritysryhm\u00e4n kokoaminen<br \/>\n<a href=\"http:\/\/www.mavi.fi\/fi\/tuet-ja-palvelut\/yrittaja-kauppa-teollisuus\/yritystuet\/yhteistyohankkeet\/Sivut\/yritysryhman-kokoaminen.aspx\">http:\/\/www.mavi.fi\/fi\/tuet-ja-palvelut\/yrittaja-kauppa-teollisuus\/yritystuet\/yhteistyohankkeet\/Sivut\/yritysryhman-kokoaminen.aspx<\/a><\/p>\n<p>Arctic cooperation programme:<br \/>\n<a href=\"http:\/\/www.interreg-npa.eu\/arctic-cooperation\/\">http:\/\/www.interreg-npa.eu\/arctic-cooperation\/\u00a0<\/a><\/p>\n<p>&nbsp;<\/p>\n<p>Avainsanat: mikroyritt\u00e4jyys, klusteri, periferia, luova ala<\/p>\n","protected":false},"excerpt":{"rendered":"<p>Vaikka yhteisty\u00f6n mahdollisuuksia luodaankin projektien avulla, on yritt\u00e4jien itse oltava aktiivisesti muodostamassa ja kehitt\u00e4m\u00e4ss\u00e4 niit\u00e4. Jos omaa motivaatiota ja selke\u00e4\u00e4 visiota ei ole, eiv\u00e4t verkostot tule olemaan kovin pitk\u00e4ik\u00e4isi\u00e4. Kasvokkainen kohtaaminen on t\u00e4rke\u00e4\u00e4. T\u00e4m\u00e4n j\u00e4lkeen on yhteisty\u00f6 my\u00f6s et\u00e4isyyksien p\u00e4\u00e4st\u00e4 helpompaa.<\/p>\n","protected":false},"author":1658,"featured_media":1418,"comment_status":"open","ping_status":"open","sticky":false,"template":"","format":"standard","meta":{"_monsterinsights_skip_tracking":false,"_monsterinsights_sitenote_active":false,"_monsterinsights_sitenote_note":"","_monsterinsights_sitenote_category":0,"jetpack_post_was_ever_published":false,"_jetpack_newsletter_access":"","_jetpack_dont_email_post_to_subs":false,"_jetpack_newsletter_tier_id":0,"_jetpack_memberships_contains_paywalled_content":false,"_jetpack_memberships_contains_paid_content":false,"footnotes":"","jetpack_publicize_message":"","jetpack_publicize_feature_enabled":true,"jetpack_social_post_already_shared":false,"jetpack_social_options":{"image_generator_settings":{"template":"highway","default_image_id":0,"font":"","enabled":false},"version":2}},"categories":[115203,110187],"tags":[110194,101624,110376,42987,17802],"class_list":["post-1443","post","type-post","status-publish","format-standard","has-post-thumbnail","hentry","category-3-2017","category-teema-artikkeli","tag-arktinen-alue","tag-digitalisaatio","tag-kilpailukyky","tag-verkostoituminen","tag-yrittajyys"],"jetpack_publicize_connections":[],"jetpack_featured_media_url":"https:\/\/blogi.eoppimispalvelut.fi\/lumenlehti\/files\/2017\/12\/Puukko-teema-artikkeli-Lumen-lehti-3-2017.jpg","jetpack_sharing_enabled":true,"jetpack_shortlink":"https:\/\/wp.me\/p7X4tP-nh","_links":{"self":[{"href":"https:\/\/blogi.eoppimispalvelut.fi\/lumenlehti\/wp-json\/wp\/v2\/posts\/1443","targetHints":{"allow":["GET"]}}],"collection":[{"href":"https:\/\/blogi.eoppimispalvelut.fi\/lumenlehti\/wp-json\/wp\/v2\/posts"}],"about":[{"href":"https:\/\/blogi.eoppimispalvelut.fi\/lumenlehti\/wp-json\/wp\/v2\/types\/post"}],"author":[{"embeddable":true,"href":"https:\/\/blogi.eoppimispalvelut.fi\/lumenlehti\/wp-json\/wp\/v2\/users\/1658"}],"replies":[{"embeddable":true,"href":"https:\/\/blogi.eoppimispalvelut.fi\/lumenlehti\/wp-json\/wp\/v2\/comments?post=1443"}],"version-history":[{"count":1,"href":"https:\/\/blogi.eoppimispalvelut.fi\/lumenlehti\/wp-json\/wp\/v2\/posts\/1443\/revisions"}],"predecessor-version":[{"id":1444,"href":"https:\/\/blogi.eoppimispalvelut.fi\/lumenlehti\/wp-json\/wp\/v2\/posts\/1443\/revisions\/1444"}],"wp:featuredmedia":[{"embeddable":true,"href":"https:\/\/blogi.eoppimispalvelut.fi\/lumenlehti\/wp-json\/wp\/v2\/media\/1418"}],"wp:attachment":[{"href":"https:\/\/blogi.eoppimispalvelut.fi\/lumenlehti\/wp-json\/wp\/v2\/media?parent=1443"}],"wp:term":[{"taxonomy":"category","embeddable":true,"href":"https:\/\/blogi.eoppimispalvelut.fi\/lumenlehti\/wp-json\/wp\/v2\/categories?post=1443"},{"taxonomy":"post_tag","embeddable":true,"href":"https:\/\/blogi.eoppimispalvelut.fi\/lumenlehti\/wp-json\/wp\/v2\/tags?post=1443"}],"curies":[{"name":"wp","href":"https:\/\/api.w.org\/{rel}","templated":true}]}}