{"id":4701,"date":"2024-10-31T05:12:00","date_gmt":"2024-10-31T03:12:00","guid":{"rendered":"https:\/\/blogi.eoppimispalvelut.fi\/lumenlehti\/?p=4701"},"modified":"2024-11-29T08:55:32","modified_gmt":"2024-11-29T06:55:32","slug":"vanhat-rakennukset-uudet-mahdollisuudet-ja-kestavan-kehityksen-tavoitteet-tki-tyossa","status":"publish","type":"post","link":"https:\/\/blogi.eoppimispalvelut.fi\/lumenlehti\/2024\/10\/31\/vanhat-rakennukset-uudet-mahdollisuudet-ja-kestavan-kehityksen-tavoitteet-tki-tyossa\/","title":{"rendered":"Vanhat rakennukset, uudet mahdollisuudet ja kest\u00e4v\u00e4n kehityksen tavoitteet TKI-ty\u00f6ss\u00e4"},"content":{"rendered":"\n<p class=\"has-text-align-right\"><a href=\"https:\/\/lucit.sharepoint.com\/:b:\/s\/Julkisettiedostot\/EatLgI43N25Pj_v3uzwLxFIBARycK2qBF9IN7-APOZOCow?e=AcxUYh\">Lataa PDF-tiedosto<\/a><\/p>\n\n\n\n<p><em>Malla Alatalo, TaM, asiantuntija, Vastuulliset palvelut, Lapin ammattikorkeakoulu<\/em><br><em>Linda Lindroos, FM, TKI-asiantuntija, Yritt\u00e4jyys ja liiketoiminta, Centria-ammattikorkeakoulu<\/em><br><em>Sven S\u00f6derholm, YTK, TKI-asiantuntija, Yritt\u00e4jyys- ja liiketoiminta, Centria-Ammattikorkeakoulu<\/em><br><em>Mirva Tapaninen, Restonomi YAMK, asiantuntija, Vastuulliset palvelut, Lapin ammattikorkeakoulu<\/em><br><em>Teija Tekoniemi-Selk\u00e4l\u00e4, KTM, lehtori, Vastuulliset palvelut, Lapin ammattikorkeakoulu<\/em><\/p>\n\n\n\n<figure class=\"wp-block-image size-thumbnail\"><img loading=\"lazy\" decoding=\"async\" width=\"320\" height=\"96\" src=\"https:\/\/blogi.eoppimispalvelut.fi\/lumenlehti\/files\/2024\/10\/Interreg-Aurora-320x96.png\" alt=\"\" class=\"wp-image-4705\" srcset=\"https:\/\/blogi.eoppimispalvelut.fi\/lumenlehti\/files\/2024\/10\/Interreg-Aurora-320x96.png 320w, https:\/\/blogi.eoppimispalvelut.fi\/lumenlehti\/files\/2024\/10\/Interreg-Aurora-600x181.png 600w, https:\/\/blogi.eoppimispalvelut.fi\/lumenlehti\/files\/2024\/10\/Interreg-Aurora.png 1073w\" sizes=\"auto, (max-width: 320px) 100vw, 320px\" \/><\/figure>\n\n\n\n<p class=\"has-small-font-size\">T\u00e4m\u00e4 artikkeli edustaa SDG-tavoitteita 8.3, 11.3 ja 11.4.<\/p>\n\n\n\n<h2 class=\"wp-block-heading\">Vastuullisuuspuheen nousu<\/h2>\n\n\n\n<p>Yhteiskunnallisessa keskustelussa vastuullisuuden teemat ovat olleet nousujohteisesti esill\u00e4 ainakin toistakymment\u00e4 vuotta. Vuonna 2015 julkaistu YK:n Agenda 2030 ja siihen kytkeytyv\u00e4t 17 kest\u00e4v\u00e4n kehityksen tavoitetta avasivat aihetta ja sen laajuutta suurelle yleis\u00f6lle ja ovat my\u00f6s siit\u00e4 saakka n\u00e4ytt\u00e4neet suuntaa globaalille vastuullisuusty\u00f6lle ja auttaneet esimerkiksi meit\u00e4 asiantuntijoita my\u00f6s sanallistamaan vastuullisuutta.<\/p>\n\n\n\n<p>Sittemmin ilmaston tila ja siihen liittyv\u00e4 aktivismi sek\u00e4 globaalit kriisit kuten pandemia ja sodat ovat tuoneet keskusteluun uusia s\u00e4vyj\u00e4: kepe\u00e4 keskustelu ei riit\u00e4, on toiminnan aika. Vastuullisia tekoja odotetaan niin p\u00e4\u00e4tt\u00e4jilt\u00e4, yrityksilt\u00e4 kuin kuluttajiltakin. Vastuullisuus alkaa olla valtavirtaa.<\/p>\n\n\n\n<p>On helppoa ny\u00f6kytell\u00e4 sille faktalle, ett\u00e4 vastuullisuus on t\u00e4rke\u00e4 teema. Niin ik\u00e4\u00e4n on helppoa hyv\u00e4ksy\u00e4, ett\u00e4 vastuullisuus ja kest\u00e4v\u00e4n kehityksen tavoitteet otetaan osaksi oman organisaation strategiaa ja toimintaa. Sen sijaan pohdintaa aiheuttaa kysymys, kuinka otamme kest\u00e4v\u00e4n kehityksen tavoitteet osaksi k\u00e4yt\u00e4nn\u00f6n TKI-ty\u00f6t\u00e4. Mit\u00e4 tulee tehd\u00e4, jotta hyv\u00e4t aatteet eiv\u00e4t j\u00e4\u00e4 vain puheen tasolle?<\/p>\n\n\n\n<h2 class=\"wp-block-heading\">Ohjatusti kohti konkretiaa<\/h2>\n\n\n\n<p>K\u00e4ynnistimme vastik\u00e4\u00e4n Interreg Aurora \u2013rahoitteisen <a href=\"https:\/\/www.interregaurora.eu\/approved-projects\/re-archtive-north\/\">Re-Archtive North<\/a> -hankkeen yhdess\u00e4 Luulajan teknillisen yliopiston, Centria-ammattikorkeakoulun ja Moskosel Creative Labin kanssa. Hankkeen tavoitteena on kehitt\u00e4\u00e4 ty\u00f6kaluja ja menetelmi\u00e4 historiallisten rakennusten kest\u00e4v\u00e4\u00e4n uudelleenk\u00e4ytt\u00f6\u00f6n. Kun usein hyl\u00e4tyt ja alik\u00e4yt\u00f6ss\u00e4 olevat rakennukset koetaan rasitteiksi, haluamme hankkeessamme k\u00e4\u00e4nt\u00e4\u00e4 haasteet mahdollisuuksiksi. Hanke tukee rakennusten uusiok\u00e4ytt\u00f6\u00e4 matkailun, asumisen, liiketoiminnan ja sosiaalisten innovaatioiden tarpeisiin, edist\u00e4en alueiden vetovoimaa ja kest\u00e4v\u00e4\u00e4 kasvua.<\/p>\n\n\n\n<p>Interreg Aurora -ohjelma edellytt\u00e4\u00e4, ett\u00e4 ohjelman rahoittamien hankkeiden kumppanit yhdess\u00e4 perehtyv\u00e4t YK:n kest\u00e4v\u00e4n kehityksen tavoitteisiin, tarkastelevat niit\u00e4 suhteessa hankkeensa toimintaan ja valitsevat prioriteeteikseen ne, joihin hanke toimillaan parhaiten pystyy vastaamaan.<\/p>\n\n\n\n<p>Re-Archtive North -hankkeen kumppanit kokoontuivatkin hankkeen aloitustapaamisen yhteydess\u00e4 ty\u00f6st\u00e4m\u00e4\u00e4n omia kest\u00e4v\u00e4n kehityksen tavoitteitaan. Valittujen tavoitteiden tulee olla l\u00e4pileikkaavia ja n\u00e4ky\u00e4 kaikessa hankkeen toiminnassa, mukaan lukien viestinn\u00e4ss\u00e4, mik\u00e4 on erityisen t\u00e4rke\u00e4\u00e4. Vastuullisuuden jalkauttamisessa k\u00e4yt\u00e4nt\u00f6\u00f6n eiv\u00e4t liikesalaisuuden s\u00e4\u00e4nn\u00f6t p\u00e4de. P\u00e4in vastoin, t\u00e4ss\u00e4 olemme yhteisell\u00e4 asialla ja kokemusten sek\u00e4 ideoiden jakaminen ja toisaalta toisten ideoiden jalostaminen omaan k\u00e4ytt\u00f6\u00f6n on vain suotavaa.<\/p>\n\n\n\n<p>N\u00e4in toimitaan my\u00f6s Interreg Aurora -ohjelmassa: vastuullisuusty\u00f6h\u00f6n saa tukea paitsi ohjelmalta itselt\u00e4\u00e4n, my\u00f6s muilta hanketoimijoilta, joita ohjelmavirkailijat kutsuvat puhujiksi SDG-webinaareihinsa jakamaan kokemuksiaan ja omia vastuullisuuslinjauksiaan ja -valintojaan. Kaiken kaikkiaan Interreg Aurora on hyv\u00e4 esimerkki siit\u00e4, kuinka rahoittaja voi hell\u00e4sti tuuppien paitsi edellytt\u00e4\u00e4 my\u00f6s tukea hanketoimijoita kulkemaan kohti vastuullisuutta.<\/p>\n\n\n\n<h2 class=\"wp-block-heading\">Uutta el\u00e4m\u00e4\u00e4 vanhoihin seiniin<\/h2>\n\n\n\n<p>Millaisia kest\u00e4v\u00e4n kehityksen tavoitteita siis p\u00e4\u00e4dyimme valitsemaan Re-Archive North -hankkeen l\u00e4pileikkaaviksi vastuullisuuden suunnann\u00e4ytt\u00e4jiksi? Ty\u00f6stimme tavoitteista hankkeen oman SDG-pyramidimme (kuva 1). Pyramidin kolmeen kerrokseen mahtuvat ensisijaiset, toissijaiset ja pitk\u00e4n t\u00e4ht\u00e4imen tavoitteet. Ensisijaiset tavoitteet ovat niit\u00e4, jotka suoraan linkittyv\u00e4t hankkeemme tavoitteisiin ja joihin toiminnallamme pystymme vaikuttamaan. Toissijaisten tavoitteiden kanssa teemme my\u00f6s ty\u00f6t\u00e4, mutta vaikutuksemme niiden parissa eiv\u00e4t ole aivan niin yksioikoisia, eiv\u00e4tk\u00e4 ne ole keskeisi\u00e4 prioriteettejamme. Pitk\u00e4n t\u00e4ht\u00e4imen tavoitteisiin toimintamme liittyy ep\u00e4suoremmin, mutta voimme n\u00e4hd\u00e4 niihin selke\u00e4n kytk\u00f6ksen ja toimintamme vaikutukset voivat v\u00e4lillisesti heijastua my\u00f6s niihin.<\/p>\n\n\n\n<figure class=\"wp-block-image size-full\"><img loading=\"lazy\" decoding=\"async\" width=\"545\" height=\"409\" src=\"https:\/\/blogi.eoppimispalvelut.fi\/lumenlehti\/files\/2024\/10\/Kuva-1-Alatalo-et-al.jpg\" alt=\"\" class=\"wp-image-4704\" srcset=\"https:\/\/blogi.eoppimispalvelut.fi\/lumenlehti\/files\/2024\/10\/Kuva-1-Alatalo-et-al.jpg 545w, https:\/\/blogi.eoppimispalvelut.fi\/lumenlehti\/files\/2024\/10\/Kuva-1-Alatalo-et-al-320x240.jpg 320w\" sizes=\"auto, (max-width: 545px) 100vw, 545px\" \/><\/figure>\n\n\n\n<p>Kuva 1: Re-Archtive North -hankkeen SDG-pyramidi.<\/p>\n\n\n\n<p>Hankkeen slogan on \u201dBreathing new life into old walls\u201d eli siin\u00e4 \u201cpuhalletaan uutta el\u00e4m\u00e4\u00e4 vanhoihin seiniin\u201d. Kehitt\u00e4mistoimintamme kautta haluamme n\u00e4hd\u00e4, ett\u00e4 hyl\u00e4tyt vanhat rakennukset saavat uuden el\u00e4m\u00e4n luoden mahdollisuuksia ja edellytyksi\u00e4 paitsi liiketoiminnalle my\u00f6s alueiden sosiaaliselle hyvinvoinnille. Hankkeessamme katsomme t\u00e4m\u00e4n ajatuksen edist\u00e4v\u00e4n tavoitetta 11: Taata turvalliset ja kest\u00e4v\u00e4t kaupungit sek\u00e4 asuinyhdyskunnat ja erityisesti edist\u00e4mme sen alatavoitteita 11.3: Lis\u00e4t\u00e4 vuoteen 2030 menness\u00e4 laajamittaista ja kest\u00e4v\u00e4\u00e4 kaupungistumista ja mahdollisuuksia osallistavaan, integroituun ja kest\u00e4v\u00e4\u00e4n asuinyhdyskuntien suunnitteluun sek\u00e4 hallinnointiin kaikissa maissa ja 11.4: Tehostaa hankkeita maailman kulttuuri- ja luontoperinn\u00f6n suojelemiseksi. (Suomen YK-liitto 2024.) Hankkeen toiminta ei keskity kaupungistumisteen vaan pikemminkin eri yhteis\u00f6j\u00e4 osallistaen etsim\u00e4\u00e4n kest\u00e4vi\u00e4 ratkaisuja ja mahdollisuuksia el\u00e4\u00e4 ja toimia harvaan asutuilla alueilla, joihin Eurostatin m\u00e4\u00e4ritelm\u00e4n mukaan k\u00e4yt\u00e4nn\u00f6ss\u00e4 koko hankealueemme lukeutuu (Eurostat 2017).<\/p>\n\n\n\n<p>Hankkeemme kick off -seminaarissa 4.10.2024 rakennusten kest\u00e4v\u00e4st\u00e4 k\u00e4yt\u00f6st\u00e4 puhui aiheesta tutkimusta tehnyt Malin Moisio Tampereen yliopistosta. H\u00e4n pohti tapausesimerkkien kautta, onko ilmastoyst\u00e4v\u00e4llisemp\u00e4\u00e4 purkaa vanha ja rakentaa uusi vaiko sittenkin kunnostaa vanha, jo olemassa oleva rakennus. Tutkimuksen tulokset osoittivat, ett\u00e4 korjausrakentaminen on ilmastovaikutuksiltaan purkamista ja uuden rakentamista tehokkaampaa: \u201cIf buildings are not demolished, emissions, money and architectural heritage will be saved!\u201d sanoi Moisio esityksess\u00e4\u00e4n. (Moisio 2024.) Vanhan rakennuksen s\u00e4ilytt\u00e4misen kohdalla vaakakupissa painavat my\u00f6s kulttuurihistorialliset arvot. Haluamme hankkeessamme olla mahdollistamassa alueemme kulttuuriperinn\u00f6n s\u00e4ilymist\u00e4 vaalimalla vanhaa rakennuskantaamme. Lapissa hyvin tied\u00e4mme, ett\u00e4 t\u00e4\u00e4ll\u00e4 on alueita miss\u00e4 sit\u00e4 ei ole paljon, mutta sen lis\u00e4ksi hankealueellamme on my\u00f6s alueita, joissa siit\u00e4 ei osata pit\u00e4\u00e4 huolta tai hy\u00f6dynt\u00e4\u00e4 tarpeeksi.<\/p>\n\n\n\n<h2 class=\"wp-block-heading\">Taiteiden piilaakso keskell\u00e4 ei-mit\u00e4\u00e4n \u2013 luovaa liiketoimintaa ja alueellista elinvoimaa vanhasta kyl\u00e4koulusta<\/h2>\n\n\n\n<p>Re-Arctive North -hankkeen kick-off -webinaarissa my\u00f6s yksi hankkeen kumppaneista piti innostavan ja rohkaisevan puheenvuoron.&nbsp; Moskosel Creative Lab -yhteis\u00f6n toisen perustajaj\u00e4senen, <a href=\"https:\/\/www.youtube.com\/watch?v=100HZCJP_uE\">Gon\u00e7alo Marquesin, tarina<\/a> toimii loistavana sytykkeen\u00e4 hankkeemme toiminnalle.<\/p>\n\n\n\n<p>Moskosel Creative Lab sijaitsee Ruotsin Lapissa, Arvidsjaurin kunnassa Moskoselin kyl\u00e4ss\u00e4. Vuonna 2018 Gon\u00e7alo Marques ja Linda Remahl ostivat vanhan kyl\u00e4koulun. Heill\u00e4 oli kunniahimoinen suunnitelma luoda Moskoseliin yhteis\u00f6, jossa taiteilijat ja muut luovat toimijat voisivat ty\u00f6skennell\u00e4, inspiroitua ja el\u00e4\u00e4 kest\u00e4v\u00e4ll\u00e4 tavalla. Kuudessa vuodessa Moskosel Creative Lab on osoittanut toiminnallaan, ett\u00e4 taiteella ja luovuudella on valtava voima tuoda ihmiset yhteen ja luoda elinvoimainen ja resilienssi yhteis\u00f6 k\u00e4yt\u00e4nn\u00f6ss\u00e4 keskelle \u201dei-mit\u00e4\u00e4n\u201d, ja ettei maantieteelliset rajoitteetkaan ole olleet esteen\u00e4 toteuttaa kunnianhimoisia unelmia. Kyl\u00e4koulusta on kehkeytynyt kunnostamisen my\u00f6t\u00e4 monimuotoinen ja innovatiivinen taiteellisen ilmaisun keskus, jossa on 20 studiota, sauna ja t\u00e4ysikokoinen liikuntasali. Kyl\u00e4koulun lis\u00e4ksi Moskosel Creative Lab on kunnostamassa vastuullisesti muita vanhoja ja hyl\u00e4ttyj\u00e4 taloja ymp\u00e4ri Moskoselin kyl\u00e4\u00e4. N\u00e4m\u00e4 tilat ovat aktiivisesti k\u00e4yt\u00f6ss\u00e4 erilaisiin tapahtumiin, n\u00e4yttelyihin ja muuhun kyl\u00e4yhteis\u00f6\u00e4 palvelevaan toimintaan. (ks. <a href=\"https:\/\/www.northernsustainablefutures.com\/\">Home | NSF (northernsustainablefutures.com))<\/a><\/p>\n\n\n\n<p>Moskosel Creative Lab -yhteis\u00f6\u00e4 voidaan pit\u00e4\u00e4 esimerkkin\u00e4 parhaasta k\u00e4yt\u00e4nn\u00f6st\u00e4, jolla on luotu maaseutukyl\u00e4\u00e4n elinvoimaa, sosiaalista, taloudellista osallistumista ja resilienssi\u00e4 \u2013 yksil\u00f6iden ja yhteis\u00f6n kyky\u00e4 ja joustavuutta sopeutua toimintaymp\u00e4rist\u00f6n muutoksiin. Hankekumppani, Moskosel Creative Lab, on erinomainen esimerkki hankkeen yhdest\u00e4 ensisijaisesta kest\u00e4v\u00e4n kehityksen tavoitteesta. Tavoite 8.3 edist\u00e4\u00e4 kehitysl\u00e4ht\u00f6isi\u00e4 k\u00e4yt\u00e4nt\u00f6j\u00e4, ja jotka tukevat tuottavaa toimintaa, s\u00e4\u00e4llisten ty\u00f6paikkojen luontia, yritt\u00e4jyytt\u00e4, luovuutta ja innovointia sek\u00e4 kannustaa mikro- ja pienyritysten sek\u00e4 keskisuurten yritysten perustamiseen ja kasvattamiseen, esimerkiksi takaamalla rahoituspalvelujen saantia. &nbsp;Hankkeen toissijaisista tavoitteista Moskosel Creative Labin katsotaan tukevan kest\u00e4v\u00e4n kehityksen tavoitetta 10.2, joka edist\u00e4\u00e4 kaikkien sosiaalista, taloudellista ja poliittista osallistumista ja kannustaa siihen i\u00e4st\u00e4, sukupuolesta, vammaisuudesta, rodusta, etnisyydest\u00e4, alkuper\u00e4st\u00e4, uskonnosta tai taloudellisesta tai muusta asemasta riippumatta. (Suomen YK-liitto 2024.) My\u00f6s hankkeemme voi antaa panoksensa t\u00e4h\u00e4n tavoitteeseen tukemalla yhdenvertaisia mahdollisuuksia osallisuuteen taustasta ja asemasta, kuten asuinpaikasta, huolimatta.&nbsp;<\/p>\n\n\n\n<h2 class=\"wp-block-heading\">Rajat ja sektorit ylitt\u00e4v\u00e4\u00e4 yhteisty\u00f6t\u00e4<\/h2>\n\n\n\n<p><a href=\"https:\/\/www.interregaurora.eu\/approved-projects\/re-archtive-north\/\">Re-Archtive North<\/a> -hankkeen toutettajina toimii moniammatillinen hankekonsortio (kuva 2). P\u00e4\u00e4toteuttaja on Luulajan teknillinen yliopisto, joka tuo hankkeeseen mm. arkkitehtuuriosaamista, asiantuntemusta suunnittelusta ja rakennusperinn\u00f6n hallinnasta sek\u00e4 my\u00f6s it-osaamista ja tietotaitoa blockchain-teknologiasta. J\u00e4lkimm\u00e4isen avulla hankkeen aikana rakennetaan alusta, jonka kautta kiinteist\u00f6nomistajat voivat tarjota ja markkinoida kohteitaan jopa kansainv\u00e4lisesti. Osatoteuttajina toimivat Moskosel Creative Park, Centria AMK ja Lapin AMK, joista Moskosel tuo hankkeeseen kest\u00e4vyys- ja innovaatio-osaamista sek\u00e4 teknologista ja luovien alojen osaamista. Centria AMK tuo hankkeeseen laajan osaamisen liiketoiminnan ja prosessien kehitt\u00e4misess\u00e4 sek\u00e4 yhteiskehitt\u00e4misen v\u00e4lineit\u00e4. Lapin AMKin vahvuutena on puolestaan kulttuurimatkailun ja el\u00e4mysmuotoilun osaaminen sek\u00e4 asiantuntemusta yhteiskunnalliseen yritt\u00e4jyyteen liittyvist\u00e4 hankkeista. (Luulajan yliopisto, Centria-ammattikorkeakoulu, Lapin ammattikorkeakoulu &amp; Moskosel Creative Lab 2023.)<\/p>\n\n\n\n<figure class=\"wp-block-image size-full\"><img loading=\"lazy\" decoding=\"async\" width=\"1262\" height=\"947\" src=\"https:\/\/blogi.eoppimispalvelut.fi\/lumenlehti\/files\/2024\/10\/Kuva-2-Alatalo-et-al.jpg\" alt=\"\" class=\"wp-image-4703\" srcset=\"https:\/\/blogi.eoppimispalvelut.fi\/lumenlehti\/files\/2024\/10\/Kuva-2-Alatalo-et-al.jpg 1262w, https:\/\/blogi.eoppimispalvelut.fi\/lumenlehti\/files\/2024\/10\/Kuva-2-Alatalo-et-al-600x450.jpg 600w, https:\/\/blogi.eoppimispalvelut.fi\/lumenlehti\/files\/2024\/10\/Kuva-2-Alatalo-et-al-320x240.jpg 320w\" sizes=\"auto, (max-width: 1262px) 100vw, 1262px\" \/><\/figure>\n\n\n\n<p>Kuva 2. Yhteiskuva hanketiimist\u00e4 Lillsandin rannalla F\u00e4bodassa<\/p>\n\n\n\n<p>Pohjois-Ruotsissa ja Pohjois-Suomessa on samanlaisia haasteita rakennetun ymp\u00e4rist\u00f6n yll\u00e4pit\u00e4misess\u00e4 sek\u00e4 pienten kuntien ja kaupunkien houkuttelevuuden lis\u00e4\u00e4misess\u00e4 asukkaiden keskuudessa. Hankkeessamme voimme tuoda yhteen eri alueiden yhteis\u00f6j\u00e4, edist\u00e4\u00e4 sosiaalista yhteenkuuluvuuden tunnetta ja paikallisylpeydett\u00e4 ja n\u00e4in lis\u00e4t\u00e4 alueen houkuttelevuutta \u2013 ihan kuten Moskoselin tapausesimerkki osoittaa.<\/p>\n\n\n\n<p>Hankekumppaneiden keskin\u00e4isen yhteisty\u00f6n lis\u00e4ksi edist\u00e4mme yksityisen, julkisen sektorin sek\u00e4 kansalaisyhteiskunnan v\u00e4list\u00e4 yhteisty\u00f6t\u00e4 tukemalla paikallisten ekosysteemien muodostumista vanhojen rakennusten ymp\u00e4rille. Sektorirajat ylitt\u00e4v\u00e4 yhteisty\u00f6 tukee kest\u00e4v\u00e4n kehityksen tavoitetta 17 (17.17: Kannustaa ja edist\u00e4\u00e4 tehokkaita julkisia, julkisen ja yksityisen sektorin sek\u00e4 kansalaisyhteiskunnan v\u00e4lisi\u00e4 kumppanuuksia niiden oman asiantuntemuksen ja resursointistrategioiden pohjalta.) SDG 17 onkin yksi hankkeemme toissijaisista tavoitteista. (Luulajan yliopisto ym 2023.)<\/p>\n\n\n\n<p>Hankkeessa on rajan molemmin puolin monipuolista osaamista ja asiantuntemusta, jota voimme hy\u00f6dynt\u00e4\u00e4 hankkeen toimenpiteiss\u00e4. Samalla opimme toinen toisiltamme esimerkiksi ty\u00f6skentelykulttuureista, mik\u00e4 voi johtaa monipuolisempaan ja rikkaampaan kulttuuriymp\u00e4rist\u00f6\u00f6n sek\u00e4 edist\u00e4\u00e4 keskin\u00e4ist\u00e4 ymm\u00e4rryst\u00e4 ja yhteisty\u00f6t\u00e4. Varustettuna monipuolisella osaamisella ja tehokkaalla yhteisty\u00f6ll\u00e4, voimme l\u00f6yt\u00e4\u00e4 uusia tapoja ratkaista ongelmia ja haasteita sek\u00e4 kehitt\u00e4\u00e4 innovatiivisia ratkaisuja ja v\u00e4lineit\u00e4 rakennusten uudelleenk\u00e4ytt\u00f6\u00f6n. (Luulajan yliopisto ym 2023.)<\/p>\n\n\n\n<h2 class=\"wp-block-heading\">Tavoitteet asetettu \u2013 mit\u00e4 seuraavaksi?<\/h2>\n\n\n\n<p>Olemme Re-Archtive North -hankkeessa vasta alkumetreill\u00e4. Hanke on k\u00e4ynnistynyt, ja olemme saaneet valittua hankkeelle olennaisimmat kest\u00e4v\u00e4n kehityksen tavoitteet. Nyt on aika siirty\u00e4 hankkeen toteutusvaiheeseen ja sit\u00e4 my\u00f6ten kest\u00e4v\u00e4n kehityksen jalkauttamisen vaiheeseen. SDG-ty\u00f6pajamme tavoitteena oli, ett\u00e4 laatimamme pyramidi toimii ty\u00f6kalunamme ja ohjaa toimintaamme joka k\u00e4\u00e4nteess\u00e4. Kun nyt ryhdymme suunnittelemaan esimerkiksi parhaiden k\u00e4yt\u00e4nteiden kartoittamista ja benchmark-toimintaa, tulemme luonnollisesti peilailemaan tekemi\u00e4mme valintoja suhteessa kest\u00e4v\u00e4n kehityksen tavoitteisiin.<\/p>\n\n\n\n<p>Niin ik\u00e4\u00e4n suunnitellessamme tilaisuuksia, tapahtumia ja ty\u00f6pajoja, tulemme palaamaan pyramidimme pariin ja pohtimaan esimerkiksi osallistamisen tapoja, sektorirajat ylitt\u00e4v\u00e4n yhteisty\u00f6n mahdollisuuksia ja kest\u00e4vi\u00e4 ratkaisuja liiketoiminnan kehitt\u00e4misess\u00e4.<\/p>\n\n\n\n<p>Hankkeessa ker\u00e4t\u00e4\u00e4n ja jaetaan parhaita k\u00e4yt\u00e4nt\u00f6j\u00e4 ja menestystarinoita alueelta ja sen ulkopuolelta sek\u00e4 k\u00e4ytet\u00e4\u00e4n t\u00e4t\u00e4 tietoa ty\u00f6kalujen, kest\u00e4vien liiketoimintamallien, s\u00e4hk\u00f6isen ty\u00f6kirjan ja verkkoalustan luomiseen. Hankkeessa luotava verkkoalusta auttaa julkisia ja yksityisi\u00e4 toimijoita k\u00e4ytt\u00e4m\u00e4tt\u00f6mien rakennusten uudelleenk\u00e4ytt\u00f6\u00f6n matkailun, asumisen, liiketoiminnan ja sosiaalisten aloitteiden tarpeisiin. Kaikki t\u00e4m\u00e4 on linjassa tekemiimme SDG-valintoihin ja on konkreettista ty\u00f6t\u00e4 kohti kest\u00e4v\u00e4mp\u00e4\u00e4 tulevaisuutta.<\/p>\n\n\n\n<p>Hankkeen toiminnassa kest\u00e4v\u00e4n kehityksen tavoitteiden jalkauttaminen kehitt\u00e4misty\u00f6h\u00f6mme n\u00e4kyy hyvin k\u00e4yt\u00e4nn\u00f6nl\u00e4heisesti. Kiinnit\u00e4mme huomiota siihen, ett\u00e4 priorisoimamme tavoitteet ohjaavat sis\u00e4ll\u00f6nsuunnittelua, osallistujarekrytointia ja toteutusta. Alkuvuodesta 2025 lanseeraamme ty\u00f6pajasarjan, jonka tavoitteena on auttaa vanhojen rakennusten el\u00e4v\u00f6itt\u00e4misest\u00e4 kiinnostuneita toimijoita kehitt\u00e4m\u00e4\u00e4n rakennuksiin kest\u00e4v\u00e4\u00e4 ja innovatiivista liiketoimintaa, joka tukee alueiden elinvoimaisuutta, luovuutta ja yritt\u00e4jyytt\u00e4.<\/p>\n\n\n\n<p>Ty\u00f6pajasarja tulee olemaan hankkeessamme ensimm\u00e4inen kokeilu ottaa SDG:t tiiviiksi osaksi toiminnan suunnittelua, toteutusta ja arviointia. Toivomme l\u00f6yt\u00e4v\u00e4mme toiminnallemme hyv\u00e4t ja toimivat k\u00e4yt\u00e4nteet, joilla pid\u00e4mme kest\u00e4v\u00e4n kehityksen tavoitteet tiiviisti kiinni k\u00e4yt\u00e4nn\u00f6n toiminnassa koko hankkeen ajan. Olennaisin tavoite on kuitenkin se, ett\u00e4 vastuullisuus on lopulta osa hankkeessa syntyneit\u00e4 liiketoimintamalleja, niin ett\u00e4 vanhat rakennukset ja niihin kietoutunut kulttuurihistoria s\u00e4ilyv\u00e4t ja tuottavat hyv\u00e4\u00e4 tuleville sukupolville.<\/p>\n\n\n\n<p><em>Re-Archtive North \u2013hanke on suunnattu kunnille, pienille kylille sek\u00e4 matkailu- ja kulttuurialan toimijoille harvaan asutuilla alueilla Lapin, Pohjanmaan sek\u00e4 Norrbottenin alueilla. Hankkeen tavoitteena on kehitt\u00e4\u00e4 historiallisen ja olemassa olevan rakennuskannan kest\u00e4v\u00e4\u00e4 uudelleenk\u00e4ytt\u00f6\u00e4 Pohjois-Ruotsissa ja Pohjois-Suomessa. Hanketta rahoittavat Interreg Aurora -ohjelma, Lapin Liitto ja Region Norrbotten ja sen kesto on 1.9.2024 \u2013 31.8.2027. <\/em><em><\/em><\/p>\n\n\n\n<p><em>Olitpa sitten julkinen tai yksityinen toimija, tule mukaan tutustumaan innovatiivisiin ty\u00f6kaluihin, liiketoimintamalleihin ja verkkoalustaan, joka on suunniteltu k\u00e4ytt\u00e4m\u00e4tt\u00f6mien rakennusten uudelleenk\u00e4ytt\u00f6\u00f6n matkailussa, asumisessa, liiketoiminnassa ja sosiaalisissa aloitteissa.<\/em><\/p>\n\n\n\n<p><em>Lis\u00e4tietoja antaa Mirva Tapaninen (<\/em><a href=\"mailto:mirva.tapaninen@lapinamk.fi\"><em>mirva.tapaninen@lapinamk.fi).<\/em><\/a><em><\/em><\/p>\n\n\n\n<figure class=\"wp-block-image size-full\"><img loading=\"lazy\" decoding=\"async\" width=\"1262\" height=\"330\" src=\"https:\/\/blogi.eoppimispalvelut.fi\/lumenlehti\/files\/2024\/10\/Alatalo-et-al-logokokoelma-loppuun.jpg\" alt=\"\" class=\"wp-image-4702\" srcset=\"https:\/\/blogi.eoppimispalvelut.fi\/lumenlehti\/files\/2024\/10\/Alatalo-et-al-logokokoelma-loppuun.jpg 1262w, https:\/\/blogi.eoppimispalvelut.fi\/lumenlehti\/files\/2024\/10\/Alatalo-et-al-logokokoelma-loppuun-600x157.jpg 600w, https:\/\/blogi.eoppimispalvelut.fi\/lumenlehti\/files\/2024\/10\/Alatalo-et-al-logokokoelma-loppuun-320x84.jpg 320w\" sizes=\"auto, (max-width: 1262px) 100vw, 1262px\" \/><\/figure>\n\n\n\n<h2 class=\"wp-block-heading\">L\u00e4hteet<\/h2>\n\n\n\n<p>Eurostat 2017. How crowded is your region. 6.4.2017. Viitattu 8.10.2024. <a href=\"https:\/\/ec.europa.eu\/eurostat\/web\/products-eurostat-news\/-\/ddn-20170406-1\">https:\/\/ec.europa.eu\/eurostat\/web\/products-eurostat-news\/-\/ddn-20170406-1 ts Eurostat News &#8211; Eurostat (europa.eu)<\/a><\/p>\n\n\n\n<p>Luulajan yliopisto, Centria-ammattikorkeakoulu, Lapin ammattikorkeakoulu &amp; Moskosel Creative Lab 2023.RE-ARCHTIVE NORTH. Innovative strategies for the re-use and re-activation of the architectural heritage in Northern sparsely populated areas. Julkaisematon hankehakemus 2023.<\/p>\n\n\n\n<p>Moisio, M. 2024. Tampereen yliopisto. V\u00e4it\u00f6skirjatutkija. Asiantuntijapuheenvuoro Re Archtive North -hankkeen kick-off seminaarissa. Why renovation and re-use of old buildings is a climate-friendlier alternative to new construction 4.10.2024<\/p>\n\n\n\n<p>Northern Sustainable Futures 2024. Creating Tomorrow: Art, Nature, and Innovation in the Heart of Northern Sweden. Viitattu 8.10.2024.<\/p>\n\n\n\n<p>Suomen YK-liitto 2024. Kest\u00e4v\u00e4 kehitys. Viitattu 8.10.2024. <a href=\"https:\/\/www.ykliitto.fi\/kestava-kehitys\">Kest\u00e4v\u00e4 kehitys | Suomen YK-liitto (ykliitto.fi)<\/a><\/p>\n\n\n\n<p><\/p>\n\n\n\n<p>Asiasanat: vastuullisuus, korjausrakentaminen, uudelleenk\u00e4ytt\u00f6, liiketoiminta, kehitt\u00e4misprojektit<\/p>\n","protected":false},"excerpt":{"rendered":"<p>Re-Archtive North -hankkeessa on tavoitteena kehitt\u00e4\u00e4 ty\u00f6kaluja ja menetelmi\u00e4 historiallisten rakennusten kest\u00e4v\u00e4\u00e4n uudelleenk\u00e4ytt\u00f6\u00f6n. <\/p>\n<p>Kun hyl\u00e4tyt ja alik\u00e4yt\u00f6ss\u00e4 olevat rakennukset koetaan usein rasitteiksi, haluamme hankkeessamme k\u00e4\u00e4nt\u00e4\u00e4 haasteet mahdollisuuksiksi. <\/p>\n","protected":false},"author":1658,"featured_media":4644,"comment_status":"open","ping_status":"open","sticky":false,"template":"","format":"standard","meta":{"_monsterinsights_skip_tracking":false,"_monsterinsights_sitenote_active":false,"_monsterinsights_sitenote_note":"","_monsterinsights_sitenote_category":0,"jetpack_post_was_ever_published":false,"_jetpack_newsletter_access":"","_jetpack_dont_email_post_to_subs":false,"_jetpack_newsletter_tier_id":0,"_jetpack_memberships_contains_paywalled_content":false,"_jetpack_memberships_contains_paid_content":false,"footnotes":"","jetpack_publicize_message":"","jetpack_publicize_feature_enabled":true,"jetpack_social_post_already_shared":true,"jetpack_social_options":{"image_generator_settings":{"template":"highway","default_image_id":0,"font":"","enabled":false},"version":2}},"categories":[798250,110187],"tags":[54578,43350,22303,110390,42987],"class_list":["post-4701","post","type-post","status-publish","format-standard","has-post-thumbnail","hentry","category-3-2024","category-teema-artikkeli","tag-hankkeet","tag-kestava-kehitys","tag-kulttuuri","tag-rakentaminen","tag-verkostoituminen"],"jetpack_publicize_connections":[],"jetpack_featured_media_url":"https:\/\/blogi.eoppimispalvelut.fi\/lumenlehti\/files\/2024\/10\/Alatalo-et-al-teema-artikkeli-Lumen-3-2024.png","jetpack_sharing_enabled":true,"jetpack_shortlink":"https:\/\/wp.me\/p7X4tP-1dP","_links":{"self":[{"href":"https:\/\/blogi.eoppimispalvelut.fi\/lumenlehti\/wp-json\/wp\/v2\/posts\/4701","targetHints":{"allow":["GET"]}}],"collection":[{"href":"https:\/\/blogi.eoppimispalvelut.fi\/lumenlehti\/wp-json\/wp\/v2\/posts"}],"about":[{"href":"https:\/\/blogi.eoppimispalvelut.fi\/lumenlehti\/wp-json\/wp\/v2\/types\/post"}],"author":[{"embeddable":true,"href":"https:\/\/blogi.eoppimispalvelut.fi\/lumenlehti\/wp-json\/wp\/v2\/users\/1658"}],"replies":[{"embeddable":true,"href":"https:\/\/blogi.eoppimispalvelut.fi\/lumenlehti\/wp-json\/wp\/v2\/comments?post=4701"}],"version-history":[{"count":3,"href":"https:\/\/blogi.eoppimispalvelut.fi\/lumenlehti\/wp-json\/wp\/v2\/posts\/4701\/revisions"}],"predecessor-version":[{"id":4826,"href":"https:\/\/blogi.eoppimispalvelut.fi\/lumenlehti\/wp-json\/wp\/v2\/posts\/4701\/revisions\/4826"}],"wp:featuredmedia":[{"embeddable":true,"href":"https:\/\/blogi.eoppimispalvelut.fi\/lumenlehti\/wp-json\/wp\/v2\/media\/4644"}],"wp:attachment":[{"href":"https:\/\/blogi.eoppimispalvelut.fi\/lumenlehti\/wp-json\/wp\/v2\/media?parent=4701"}],"wp:term":[{"taxonomy":"category","embeddable":true,"href":"https:\/\/blogi.eoppimispalvelut.fi\/lumenlehti\/wp-json\/wp\/v2\/categories?post=4701"},{"taxonomy":"post_tag","embeddable":true,"href":"https:\/\/blogi.eoppimispalvelut.fi\/lumenlehti\/wp-json\/wp\/v2\/tags?post=4701"}],"curies":[{"name":"wp","href":"https:\/\/api.w.org\/{rel}","templated":true}]}}