{"id":4890,"date":"2025-02-06T07:20:00","date_gmt":"2025-02-06T05:20:00","guid":{"rendered":"https:\/\/blogi.eoppimispalvelut.fi\/lumenlehti\/?p=4890"},"modified":"2025-02-03T14:02:38","modified_gmt":"2025-02-03T12:02:38","slug":"yhdenvertaisuus-polarisaation-ristipaineissa","status":"publish","type":"post","link":"https:\/\/blogi.eoppimispalvelut.fi\/lumenlehti\/2025\/02\/06\/yhdenvertaisuus-polarisaation-ristipaineissa\/","title":{"rendered":"Yhdenvertaisuus polarisaation ristipaineissa"},"content":{"rendered":"\n<p class=\"has-text-align-right\"><a href=\"https:\/\/lucit.sharepoint.com\/:b:\/s\/Julkisettiedostot\/EfONg1nzJIxLpDmKIZoumTABVwjlxPRR7YHpg0s6lwKHig?e=BR9qz2\">Lataa PDF-tiedosto<\/a><\/p>\n\n\n\n<p><em>Tia L\u00e4ms\u00e4, OTM, HTM, MMM, lehtori, Vastuulliset palvelut -osaamisryhm\u00e4, Lapin ammattikorkeakoulu<\/em><\/p>\n\n\n\n<p><\/p>\n\n\n\n<h2 class=\"wp-block-heading\">L\u00e4ht\u00f6kohtana yhdenvertaisuus<\/h2>\n\n\n\n<p>Yhteiskuntamme perustuu ajatukseen oikeudenmukaisuudesta, tasa-arvosta ja ihmisarvon kunnioittamisesta. Yhdenvertaisuus lain edess\u00e4 tarkoittaa sit\u00e4, ett\u00e4 jokaisella yksil\u00f6ll\u00e4 on samat oikeudet ja velvollisuudet riippumatta esimerkiksi heid\u00e4n taustastaan, asemastaan, sukupuolestaan, etnisyydest\u00e4\u00e4n tai varallisuudestaan. T\u00e4m\u00e4 on meille kaikille jo perustuslaissa m\u00e4\u00e4ritelty perusoikeus, mit\u00e4 pit\u00e4\u00e4 kaikkien kunnioittaa. (Suomen perustuslaki 11.6.1999\/731 \u00a7 2:6:1-2.)<\/p>\n\n\n\n<p>\u201dOikeus kuuluu kaikille\u201d on ollut my\u00f6s Juristiliiton slogan sen pyrkiess\u00e4 nostamaan esiin oikeusvaltion ja oikeuden hoidon saavutettavuuden haasteita. Juristiliitto on todennut, ett\u00e4 oikeuden saatavuuteen liittyy Suomessakin puutteita. Kuitenkin kansalaisten yhdenvertainen kohtelu edellytt\u00e4\u00e4 sit\u00e4, ett\u00e4 julkinen sektori toimii. T\u00e4m\u00e4 koskee my\u00f6s oikeudenhoidon ketjua kokonaisuudessaan. (Juristiliitto 2019.) Jos emme voi turvata yhdenvertaista kohtelua kaikille yhteiskuntamme j\u00e4senille, aiheuttaa se v\u00e4ist\u00e4m\u00e4tt\u00e4 ep\u00e4oikeudenmukaisuuden tunnetta eri tahoilla.<\/p>\n\n\n\n<p>Mit\u00e4 tapahtuu, jos yhdenvertaisuuden periaatteet kohtaavat haasteita yhteiskunnan jakautuessa eri tavoin polarisaation seurauksena?<\/p>\n\n\n\n<h2 class=\"wp-block-heading\">Haasteita yhdenvertaisuuden osalta \u2013 esimerkkin\u00e4 hyvinvointialueet<\/h2>\n\n\n\n<p>Vaikka periaate yhdenvertaisuudesta on kirjattu lains\u00e4\u00e4d\u00e4nt\u00f6\u00f6n ja kansainv\u00e4lisiin sopimuksiin, k\u00e4yt\u00e4nn\u00f6ss\u00e4 yhdenvertaisuus ei aina toteudu ja haasteita soveltamisessa on paljon. T\u00e4m\u00e4 aiheuttaa v\u00e4ist\u00e4m\u00e4tt\u00e4 yhteiskunnallista polarisaatiota, koska hyvist\u00e4 periaatteista huolimatta yhdenvertaisuus ei k\u00e4yt\u00e4nn\u00f6ss\u00e4 toteudu.<\/p>\n\n\n\n<p>T\u00e4ll\u00e4 hetkell\u00e4 yhdenvertaisuuden toteutumisessa n\u00e4ytt\u00e4\u00e4 selke\u00e4sti olevan haasteita esimerkiksi hyvinvointialueiden vastuualueilla olevien palveluiden toteutuksessa. Saamme lukea erilaisista tapauksista, miss\u00e4 palveluita ei ole saatu sill\u00e4 tavoin, kun olisi lain mukaan pit\u00e4nyt.<\/p>\n\n\n\n<p>Esimerkiksi L\u00e4nsi- ja Sis\u00e4-Suomen aluehallintovirasto on antanut Pirkanmaan hyvinvointialueelle huomautuksen lapsiperheiden sosiaality\u00f6n henkil\u00f6st\u00f6vajauksista ja lastensuojelun asiakasmitoitusten ylityksist\u00e4 ja puuttuvista asiakassuunnitelmista. Aluehallintovirasto painottaa, ett\u00e4 esimerkiksi m\u00e4\u00e4r\u00e4ajat ovat ehdottomia ja t\u00e4rkeit\u00e4 lasten ja perheiden oikeusturvan sek\u00e4 yhdenvertaisuuden varmistamiseksi.&nbsp; (Aluehallintovirasto 2025.)<\/p>\n\n\n\n<p>Toisaalta lains\u00e4\u00e4d\u00e4nt\u00f6 voi olla laadittu sill\u00e4 tavoin ep\u00e4selv\u00e4sti, ett\u00e4 esimerkiksi vammaisten palveluja on ratkottava oikeudessa saakka (Polo 2025). T\u00e4llainen ep\u00e4m\u00e4\u00e4r\u00e4isesti laadittu lains\u00e4\u00e4d\u00e4nt\u00f6 aiheuttaa helposti tulkintaerimielisyyksi\u00e4. Kuitenkin vain harvat jaksavat tai osaavat vedota oikeuksiinsa, ja t\u00e4t\u00e4 kautta yhdenvertaisuus yhteiskunnan tarjoamien palveluiden osalta ei t\u00e4yty. Luottamuksen heikkenemisen lis\u00e4ksi jotkut toimijat voivat k\u00e4ytt\u00e4\u00e4 ep\u00e4m\u00e4\u00e4r\u00e4ist\u00e4 lains\u00e4\u00e4d\u00e4nt\u00f6\u00e4 hyv\u00e4kseen ja k\u00e4ytt\u00e4\u00e4 lakia omien intressiens\u00e4 eteenp\u00e4inviemiseen ja n\u00e4in aiheuttaa ristiriitoja. T\u00e4m\u00e4 voi lis\u00e4t\u00e4 vastakkainasettelua eri ryhmien v\u00e4lille yhteiskunnassa.<\/p>\n\n\n\n<p>S\u00e4\u00e4st\u00f6paineiden alla painivat hyvinvointialueet ovatkin valtavien haasteiden edess\u00e4. Toisaalta lains\u00e4\u00e4d\u00e4nt\u00f6 vaatii hyvinvointialueita kattamaan alij\u00e4\u00e4m\u00e4ns\u00e4 vuoden 2026 loppuun menness\u00e4, mutta n\u00e4ihin vaatimuksiin p\u00e4\u00e4seminen saattaa tarkoittaa sit\u00e4, ett\u00e4 hyvinvointialueet joutuvat rikkomaan lakia karsimalla omista lakis\u00e4\u00e4teisist\u00e4 ja perustuslaillista palveluistaan. (Halme 2025.) Her\u00e4\u00e4 v\u00e4ist\u00e4m\u00e4tt\u00e4 ajatus siit\u00e4, miten yhdenvertaisuus toteutuu eri hyvinvointialueilla asuvien kesken ja millaisia seurauksia t\u00e4st\u00e4 syntyy. Kun alueelliset erot palveluiden saatavuudessa, laadussa tai tehokkuudessa kasvavat, vaikutukset voivat heijastua sek\u00e4 sosiaaliseen koheesioon ett\u00e4 poliittiseen ilmapiiriin.<\/p>\n\n\n\n<p>Polarisaatio voi korostaa hyvinvoinnin, tulotason ja palveluiden saatavuuden eroja eri v\u00e4est\u00f6ryhmien tai alueiden v\u00e4lill\u00e4. T\u00e4ll\u00f6in yhdenvertaisuuden toteutuminen vaarantuu, kun etuoikeutetut ryhm\u00e4t hy\u00f6tyv\u00e4t. Suomen terveydenhuoltoj\u00e4rjestelm\u00e4n suurimpia haasteita ovat eriarvoisuus hoitoon p\u00e4\u00e4syss\u00e4, erityisesti perusterveydenhuollossa (Labore 2019). Terveydenhuollon alalla onkin selv\u00e4\u00e4, ett\u00e4 hyvien ty\u00f6terveyspalveluiden tai erilaisten vakuutusten kautta palveluja saavat ovat v\u00e4ist\u00e4m\u00e4tt\u00e4 t\u00e4ysin erilaisessa asemassa, kun henkil\u00f6t, jotka ovat pelk\u00e4st\u00e4\u00e4n julkisen terveydenhuollon palvelujen varassa.<\/p>\n\n\n\n<h2 class=\"wp-block-heading\">Lopuksi<\/h2>\n\n\n\n<p>Polarisaatio voi olla luonnollinen osa moniarvoista yhteiskuntaa, mutta sen hallitseminen on t\u00e4rke\u00e4\u00e4, jotta lains\u00e4\u00e4d\u00e4nt\u00f6 s\u00e4ilytt\u00e4\u00e4 tehokkuutensa ja legitimiteettins\u00e4. Jossain m\u00e4\u00e4r\u00e4ss\u00e4 polarisaatio kuuluu osana yhteiskuntaa, sill\u00e4 se voi nostaa esiin yhteiskunnallisia ongelmia, jotka muuten j\u00e4isiv\u00e4t huomiotta. Esimerkiksi vahvat mielipide-erot voivat tuoda vaikeita tai kiistanalaisia aiheita julkiseen keskusteluun, mik\u00e4 on t\u00e4rke\u00e4\u00e4 demokratialle. Se voi toimia my\u00f6s muutoksen moottorina, kun aiheesta noussut keskustelu saa lains\u00e4\u00e4t\u00e4j\u00e4t ja muut toimijat tekem\u00e4\u00e4n edistysaskelia vallitseviin olosuhteisiin. T\u00e4m\u00e4 kuitenkin tarkoittaa, sit\u00e4 ihmisill\u00e4 on kyky\u00e4 kriittiseen ajatteluun ja he pystyv\u00e4t my\u00f6s kykenev\u00e4t arvioimaan omaa toimintaansa, kun siihen tulee erilaisia n\u00e4kemyksi\u00e4.<\/p>\n\n\n\n<p>Pahimmillaan polarisaatio voi kuitenkin johtaa vihamielisyyteen ja kasvattaa kuiluja eri ihmisryhmien v\u00e4lill\u00e4. On siis kaikkien yhteiskunnan toimijoiden vastuuna ja velvollisuutena huolehtia siit\u00e4, ett\u00e4 kaikkien \u00e4\u00e4net saadaan tasapuolisesti kuuluviin ja demokraattisen yhteiskunnan merkityst\u00e4 arvostetaan jatkossakin. Yhdenvertaisuus ei saa olla kiinni senhetkisest\u00e4 taloustilanteesta tai vallassa olevien poliittisten puolueiden n\u00e4kemyksist\u00e4, sen on pysytt\u00e4v\u00e4 jatkossakin perusoikeutena, jota kaikki kunnioittavat \u2013 erilaisista n\u00e4kemyksist\u00e4 huolimatta.<\/p>\n\n\n\n<h2 class=\"wp-block-heading\">L\u00e4hteet<\/h2>\n\n\n\n<p class=\"has-small-font-size\">Aluehallintovirasto 2025: Pirkanmaan hyvinvointialueelle huomautus lapsiperheiden sosiaality\u00f6n henkil\u00f6st\u00f6vajauksista ja lastensuojelun asiakasmitoituksen ylityksist\u00e4 ja puuttuvista asiakassuunnitelmista. Tiedote 15.1.2025. Saatavilla: <a href=\"https:\/\/avi.fi\/tiedote\/-\/tiedote\/70814628\">Pirkanmaan hyvinvointialueelle huomautus lapsiperheiden sosiaality\u00f6n henkil\u00f6st\u00f6vajauksista ja lastensuojelun asiakasmitoituksen ylityksist\u00e4 ja puuttuvista asiakassuunnitelmista, Tiedote 15.1.2025 &#8211; Aluehallintovirasto<\/a><\/p>\n\n\n\n<p class=\"has-small-font-size\">Halme, Kaisa 2025. Yle 10.1.2025. Hyvinvointialueet pulassa s\u00e4\u00e4st\u00f6jen kanssa \u2013 STM: \u201dMeilt\u00e4 kysyt\u00e4\u00e4n usein, mit\u00e4 lakia olisi v\u00e4hiten haitallista rikkoa\u201d Saatavilla: <a href=\"https:\/\/yle.fi\/a\/74-20135234\">Hyvinvointialueet pulassa s\u00e4\u00e4st\u00f6jen kanssa \u2013 STM: \u201dMeilt\u00e4 kysyt\u00e4\u00e4n usein, mit\u00e4 lakia olisi v\u00e4hiten haitallista rikkoa\u201d | Kotimaa | Yle<\/a><strong><\/strong><\/p>\n\n\n\n<p class=\"has-small-font-size\">Juristiliitto 2019. Suomen tulee olla uskottava oikeusvaltio. Blogit 22.3.2019. Saatavilla: <a href=\"https:\/\/juristiliitto.fi\/blogit\/blogi-suomen-tulee-olla-uskottava-oikeusvaltio\/\">Suomen tulee olla uskottava oikeusvaltio &#8211; Juristiliitto<\/a><\/p>\n\n\n\n<p class=\"has-small-font-size\">Labore 2019. Suomen terveydenhuoltoj\u00e4rjestelm\u00e4n toimivuus kansainv\u00e4lisess\u00e4 vertailussa. T&amp;Y 3\/2019. Saatavilla:&nbsp; <a href=\"https:\/\/labore.fi\/t&amp;y\/suomen-terveydenhuoltojarjestelman-toimivuus-kansainvalisessa-vertailussa\/\">Suomen terveydenhuoltoj\u00e4rjestelm\u00e4n toimivuus kansainv\u00e4lisess\u00e4 vertailussa &#8211; Ty\u00f6n ja talouden tutkimus LABORE<\/a><\/p>\n\n\n\n<p class=\"has-small-font-size\">Suomen perustuslaki 11.6.1999\/731. Viitattu 20.1.2024 <a href=\"https:\/\/www.finlex.fi\/fi\/laki\/ajantasa\/1999\/19990731\">Suomen perustuslaki 731\/1999 &#8211; Ajantasainen lains\u00e4\u00e4d\u00e4nt\u00f6 &#8211; FINLEX \u00ae<\/a><\/p>\n\n\n\n<p class=\"has-small-font-size\">Polo, Anna 2025. Yle 20.1.2025. Hyvinvointialue haluaa, ett\u00e4 vammaisen lapsen perhe maksaa hoidosta \u201dkuten muutkin\u201d \u2013 vei asian oikeuteen. Saatavilla:&nbsp; <a href=\"https:\/\/yle.fi\/a\/74-20136892\">Hyvinvointialue haluaa, ett\u00e4 vammaisen lapsen perhe maksaa hoidosta \u201dkuten muutkin\u201d \u2013 vei asian oikeuteen | Kotimaa | Yle<\/a><\/p>\n\n\n\n<p>Asiasanat: yhdenvertaisuus, polarisaatio, yhteiskunta<\/p>\n","protected":false},"excerpt":{"rendered":"<p>Yhteiskuntamme perustuu ajatukseen oikeudenmukaisuudesta, tasa-arvosta ja ihmisarvon kunnioittamisesta. Yhdenvertaisuus lain edess\u00e4 tarkoittaa sit\u00e4, ett\u00e4 jokaisella yksil\u00f6ll\u00e4 on samat oikeudet ja velvollisuudet.<\/p>\n<p>T\u00e4ll\u00e4 hetkell\u00e4 yhdenvertaisuuden toteutumisessa n\u00e4ytt\u00e4\u00e4 selke\u00e4sti olevan haasteita esimerkiksi hyvinvointialueiden vastuualueilla olevien palveluiden toteutuksessa.<\/p>\n","protected":false},"author":1658,"featured_media":4256,"comment_status":"open","ping_status":"open","sticky":false,"template":"","format":"standard","meta":{"_monsterinsights_skip_tracking":false,"_monsterinsights_sitenote_active":false,"_monsterinsights_sitenote_note":"","_monsterinsights_sitenote_category":0,"jetpack_post_was_ever_published":false,"_jetpack_newsletter_access":"","_jetpack_dont_email_post_to_subs":false,"_jetpack_newsletter_tier_id":0,"_jetpack_memberships_contains_paywalled_content":false,"_jetpack_memberships_contains_paid_content":false,"footnotes":"","jetpack_publicize_message":"","jetpack_publicize_feature_enabled":true,"jetpack_social_post_already_shared":true,"jetpack_social_options":{"image_generator_settings":{"template":"highway","default_image_id":0,"font":"","enabled":false},"version":2}},"categories":[798254,110187],"tags":[110397,115199,798247,8747,798256],"class_list":["post-4890","post","type-post","status-publish","format-standard","has-post-thumbnail","hentry","category-1-2025","category-teema-artikkeli","tag-hyvinvointipalvelut","tag-ihmisoikeudet","tag-lainsaadanto","tag-sosiaali-ja-terveysala","tag-yhteiskunta"],"jetpack_publicize_connections":[],"jetpack_featured_media_url":"https:\/\/blogi.eoppimispalvelut.fi\/lumenlehti\/files\/2023\/10\/Lamsa-teema-artikkeli-Lumen-3-2023.png","jetpack_sharing_enabled":true,"jetpack_shortlink":"https:\/\/wp.me\/p7X4tP-1gS","_links":{"self":[{"href":"https:\/\/blogi.eoppimispalvelut.fi\/lumenlehti\/wp-json\/wp\/v2\/posts\/4890","targetHints":{"allow":["GET"]}}],"collection":[{"href":"https:\/\/blogi.eoppimispalvelut.fi\/lumenlehti\/wp-json\/wp\/v2\/posts"}],"about":[{"href":"https:\/\/blogi.eoppimispalvelut.fi\/lumenlehti\/wp-json\/wp\/v2\/types\/post"}],"author":[{"embeddable":true,"href":"https:\/\/blogi.eoppimispalvelut.fi\/lumenlehti\/wp-json\/wp\/v2\/users\/1658"}],"replies":[{"embeddable":true,"href":"https:\/\/blogi.eoppimispalvelut.fi\/lumenlehti\/wp-json\/wp\/v2\/comments?post=4890"}],"version-history":[{"count":2,"href":"https:\/\/blogi.eoppimispalvelut.fi\/lumenlehti\/wp-json\/wp\/v2\/posts\/4890\/revisions"}],"predecessor-version":[{"id":4931,"href":"https:\/\/blogi.eoppimispalvelut.fi\/lumenlehti\/wp-json\/wp\/v2\/posts\/4890\/revisions\/4931"}],"wp:featuredmedia":[{"embeddable":true,"href":"https:\/\/blogi.eoppimispalvelut.fi\/lumenlehti\/wp-json\/wp\/v2\/media\/4256"}],"wp:attachment":[{"href":"https:\/\/blogi.eoppimispalvelut.fi\/lumenlehti\/wp-json\/wp\/v2\/media?parent=4890"}],"wp:term":[{"taxonomy":"category","embeddable":true,"href":"https:\/\/blogi.eoppimispalvelut.fi\/lumenlehti\/wp-json\/wp\/v2\/categories?post=4890"},{"taxonomy":"post_tag","embeddable":true,"href":"https:\/\/blogi.eoppimispalvelut.fi\/lumenlehti\/wp-json\/wp\/v2\/tags?post=4890"}],"curies":[{"name":"wp","href":"https:\/\/api.w.org\/{rel}","templated":true}]}}