{"id":102,"date":"2018-02-26T13:53:39","date_gmt":"2018-02-26T11:53:39","guid":{"rendered":"https:\/\/blogi.eoppimispalvelut.fi\/reittimerkit\/?p=102"},"modified":"2022-06-02T10:04:46","modified_gmt":"2022-06-02T07:04:46","slug":"materiaalipankki","status":"publish","type":"post","link":"https:\/\/blogi.eoppimispalvelut.fi\/reittimerkit\/2018\/02\/26\/materiaalipankki\/","title":{"rendered":"Materiaalipankki"},"content":{"rendered":"<h3>Reittimerkint\u00e4ohjeistus:<\/h3>\n<ul>\n<li><a href=\"https:\/\/blogi.eoppimispalvelut.fi\/reittimerkit\/files\/2018\/02\/opastekokonaisuus_21082018_verkko.pdf\" target=\"_blank\" rel=\"noopener noreferrer\"><strong>Turvallinen ja asiakasl\u00e4ht\u00f6inen opastekokonaisuus\u00a0<\/strong><\/a><\/li>\n<\/ul>\n<h3>Turvallisuusasiakirja maastoreiteille<\/h3>\n<ul>\n<li><strong><a href=\"https:\/\/blogi.eoppimispalvelut.fi\/reittimerkinnat\/files\/2015\/09\/Turvallisuusasiakirja-maastoreiteille.pdf\" target=\"_blank\" rel=\"noopener noreferrer\">Turvallisuusasiakirja maastoreiteille<\/a><\/strong><\/li>\n<\/ul>\n<h3>Oppaat ja suositukset:<\/h3>\n<ul>\n<li>Kuntaliitto: <a href=\"https:\/\/www.kuntaliitto.fi\/julkaisut\/2020\/2064-kunnan-osoitejarjestelma-ohjeet-ja-suositus\" target=\"_blank\" rel=\"noopener\"><strong>Kunnan osoitej\u00e4rjestelm\u00e4. Ohjeet ja suositus<\/strong><\/a><\/li>\n<li>Lapin liitto: <strong><a href=\"http:\/\/www.lappi.fi\/c\/document_library\/get_file?folderId=2032770&amp;name=DLFE-24373.pdf\" target=\"_blank\" rel=\"noopener noreferrer\">Selvitysraportti moottorikelkkailun aluetaloudelliset vaikutukset<\/a><\/strong><\/li>\n<li>Liikenneturva:\u00a0<strong><a href=\"https:\/\/www.liikenneturva.fi\/fi\/liikenteessa\/autolla-suomessa\" target=\"_blank\" rel=\"noopener noreferrer\">Autolla Suomessa -esite 2018<\/a><\/strong><\/li>\n<li>Liikenneturva: <strong><a href=\"https:\/\/blogi.eoppimispalvelut.fi\/reittimerkinnat\/files\/2015\/09\/Moottorikelkkaopas_2016_Liikenneturva.pdf\" target=\"_blank\" rel=\"noopener noreferrer\">Moottorikelkkaopas_2016<\/a> <\/strong><\/li>\n<li>Mets\u00e4hallitus:<strong><a href=\"http:\/\/julkaisut.metsa.fi\/assets\/pdf\/lp\/Muut\/viitoitusopas.pdf\" target=\"_blank\" rel=\"noopener noreferrer\"> Hyv\u00e4n viitoittamisen perusteet <\/a><\/strong><\/li>\n<li>Mets\u00e4hallitus: <strong><a href=\"https:\/\/blogi.eoppimispalvelut.fi\/reittimerkinnat\/files\/2015\/09\/Asiakasturvallisuus-luontopalveluissa_2015-p%C3%A4ivitetty_Mets%C3%A4hallitus.pdf\" target=\"_blank\" rel=\"noopener noreferrer\">Asiakasturvallisuus luontopalveluissa_2015 p\u00e4ivitetty_Mets\u00e4hallitus<\/a><\/strong><\/li>\n<li>Suomen kuntaliitto:<strong><a href=\"http:\/\/shop.kunnat.net\/product_details.php?p=172\" target=\"_blank\" rel=\"noopener noreferrer\"> Kunnan osoitej\u00e4rjestelm\u00e4. Ohjeet ja suositus, 2006<\/a><\/strong><\/li>\n<li>Suomen Latu:<strong><a href=\"https:\/\/www.suomenlatu.fi\/vaikuta\/sina-voit-vaikuttaa\/vinkkeja-ulkoilupaikkojen-suunnitteluun.html\" target=\"_blank\" rel=\"noopener noreferrer\"> Ohjeita ulkoilupaikkojen rakentamiseen<\/a><\/strong><\/li>\n<li>Tiehallinto:<strong><a href=\"https:\/\/julkaisut.vayla.fi\/thohje\/pdf\/2000021-07-v-palvelukohteiden_viitoitus.pdf\" target=\"_blank\" rel=\"noopener noreferrer\"> Palvelukohteiden viitoitusopas, 2007<\/a><\/strong><\/li>\n<li>Visit Finland:<strong><a href=\"https:\/\/www.businessfinland.fi\/suomalaisille-asiakkaille\/palvelut\/matkailun-edistaminen\/tuotekehitys-ja-teemat\/luontomatkailu\/tyokalut\/\" target=\"_blank\" rel=\"noopener noreferrer\"> Ty\u00f6kaluja matkapakettien ja reittien suunnittelijoille<br \/>\n<\/a><\/strong><em>(Opaskirjat melonta- ja vaellusreittien suunnittelijoille, rakentajille ja yll\u00e4pit\u00e4jille sek\u00e4 py\u00f6r\u00e4- ja retkeilymatkailun suunnitteluoppaat)<\/em><\/li>\n<li>Ymp\u00e4rist\u00f6ministeri\u00f6: <strong><a href=\"https:\/\/blogi.eoppimispalvelut.fi\/reittimerkinnat\/files\/2015\/09\/YM_raportti_Moottorikelkkav%C3%A4ylien-tavoiteverkko2009.pdf\" target=\"_blank\" rel=\"noopener noreferrer\">Moottorikelkkav\u00e4ylien tavoiteverkko_2009<\/a><\/strong><\/li>\n<\/ul>\n<h3>Lains\u00e4\u00e4d\u00e4nt\u00f6j\u00e4:<\/h3>\n<ul>\n<li><a href=\"https:\/\/www.ymparisto.fi\/fi-FI\/Asiointi_luvat_ja_ymparistovaikutusten_arviointi\/Luvat_ilmoitukset_ja_rekisterointi\/Kiellon_ja_rajoituksen_hakeminen_maasto_ja_vesiliikenteelle\/Maastoliikenne\/Maastoliikennelain_mukaisen_erityisluvan(37214)\" target=\"_blank\" rel=\"noopener noreferrer\">Maastoliikennelaki (1710\/1995)<\/a><\/li>\n<li><a href=\"https:\/\/www.traficom.fi\/fi\/liikenne\/tieliikenne\/tieliikennelaki2020\/uuden-tieliikennelain-periaatteet\" target=\"_blank\" rel=\"noopener noreferrer\">Tieliikennelaki (729\/2018)<\/a><\/li>\n<li><a href=\"http:\/\/pelastustoimi.fi\/lainsaadanto\/lait-ja-asetukset\" target=\"_blank\" rel=\"noopener noreferrer\">Pelastuslaki <\/a><a href=\"http:\/\/pelastustoimi.fi\/lainsaadanto\/lait-ja-asetukset\" target=\"_blank\" rel=\"noopener noreferrer\">(379\/2011)<\/a><\/li>\n<li><a href=\"https:\/\/www.traficom.fi\/fi\/vesiliikennelaki2020\" target=\"_blank\" rel=\"noopener noreferrer\">Vesiliikennelaki (782\/2019)<\/a><\/li>\n<li><a href=\"https:\/\/www.maanmittauslaitos.fi\/kartat-ja-paikkatieto\/paikkatietojen-yhteentoimivuus\/inspire\/mika-inspire\/lainsaadanto\" target=\"_blank\" rel=\"noopener noreferrer\">Laki paikkatietoinfrastruktuurista (421\/2009) <\/a><\/li>\n<li><a href=\"https:\/\/minedu.fi\/liikunta\/lainsaadanto\" target=\"_blank\" rel=\"noopener noreferrer\">Liikuntalaki (309\/2015)<\/a><\/li>\n<li><a href=\"https:\/\/www.metsa.fi\/maat-ja-vedet\/suojelualueet\/valtion-retkeilyalueet-natura-alueina\/\" target=\"_blank\" rel=\"noopener noreferrer\">Ulkoilulaki (606\/1973)<\/a><\/li>\n<\/ul>\n<h3>Selvitykset:<\/h3>\n<ul>\n<li>Mapitare:\u00a0<strong><a href=\"https:\/\/blogi.eoppimispalvelut.fi\/reittimerkinnat\/files\/2015\/09\/10.10.2017-REILA_SELVITYS_TURVALLISUUDESTA_REITTIEN_MOBIILIOPASTUKSESSA.pdf\" target=\"_blank\" rel=\"noopener noreferrer\">Selvitys turvallisuudesta reittien mobiiliopastuksessa 2017\u00a0<\/a><\/strong><\/li>\n<li>Suomen Latu: <strong><a href=\"https:\/\/blogi.eoppimispalvelut.fi\/reittimerkinnat\/files\/2015\/09\/Reittien-vastuuselvitys_2017_Suomen-Latu_REILA.pdf\" target=\"_blank\" rel=\"noopener noreferrer\">Reittien vastuuselvitys_2017_Suomen Latu_REILA<\/a><\/strong><\/li>\n<li>Suomen Latu: <strong><a href=\"https:\/\/blogi.eoppimispalvelut.fi\/reittimerkinnat\/files\/2015\/09\/Reittien-monik%C3%A4ytt%C3%B6selvitys_2017_Suomen-Latu_REILA.pdf\" target=\"_blank\" rel=\"noopener noreferrer\">Reittien monik\u00e4ytt\u00f6selvitys_2017_Suomen Latu_REILA<\/a><\/strong><\/li>\n<li>Mets\u00e4hallitus: <a href=\"https:\/\/blogi.eoppimispalvelut.fi\/reittimerkinnat\/files\/2015\/09\/Asiakasl%C3%A4ht%C3%B6iset-ja-turvalliset-maastoreittimerkinn%C3%A4t-raportti.pdf\" target=\"_blank\" rel=\"noopener noreferrer\">Asiakasl\u00e4ht\u00f6iset ja turvalliset maastoreittimerkinn\u00e4t Kes\u00e4-syksy 2016 asiakaskyselyiden, haamuretkeilyn ja yritt\u00e4j\u00e4kyselyn -raportti <\/a><\/li>\n<li>Kestil\u00e4 Sini : <a href=\"https:\/\/blogi.eoppimispalvelut.fi\/reittimerkinnat\/files\/2015\/10\/Kansainv%C3%A4liset-reitist%C3%B6merkinn%C3%A4t-selvitys_raportti.pdf\" target=\"_blank\" rel=\"noopener noreferrer\">Kansainv\u00e4liset reitti- ja viitoitusmerkinn\u00e4t selvitys \u2013 REILA reittimerkint\u00f6jen turvallisuus, pilottialueena Lappi hankkeelle, 2015<\/a><\/li>\n<\/ul>\n<h3>Artikkeleita:<\/h3>\n<ul>\n<li>Kestil\u00e4 Sini: Kuntatekniikka 6\/2018: <a href=\"https:\/\/blogi.eoppimispalvelut.fi\/reittimerkit\/files\/2018\/12\/Kuntatekniikka_lehti_6_2018.pdf\" target=\"_blank\" rel=\"noopener noreferrer\">Lapin reittimerkinn\u00e4t laitettiin Reilaan<\/a><\/li>\n<li>Kestil\u00e4 Sini ja Satokangas Pasi, Liikennevilkku 3-4.2018: <a href=\"https:\/\/blogi.eoppimispalvelut.fi\/reittimerkit\/files\/2018\/12\/Liikennevilkku_nro3-4_2018_tutkittua.pdf\" target=\"_blank\" rel=\"noopener noreferrer\">Maastoreittien turvallisuus on merkitt\u00e4v\u00e4 juttu<\/a><\/li>\n<li>Autonen Olli, Mets\u00e4.fi &#8211; Mets\u00e4hallituksen lehti 2\/2018: <a href=\"https:\/\/blogi.eoppimispalvelut.fi\/reittimerkit\/files\/2018\/12\/Olli-Autonen-Kohti-turvallisempaa.pdf\" target=\"_blank\" rel=\"noopener noreferrer\">Kohti turvallisempaa luontoel\u00e4myst\u00e4<\/a><\/li>\n<li>Kilpel\u00e4inen Jorma, Lapin Kansa 16.8.2018: <a href=\"https:\/\/blogi.eoppimispalvelut.fi\/reittimerkit\/files\/2018\/02\/16.8.2018-Lapin-Kansa_Selkeytt\u00e4-merkkiviidakkoon.pdf\" target=\"_blank\" rel=\"noopener noreferrer\">Selkeytt\u00e4 merkkiviidakkoon<\/a><\/li>\n<li>V\u00e4yrynen Minna ja Kestil\u00e4 Sini, Vitriini 3.5.2018:\u00a0<a href=\"https:\/\/blogi.eoppimispalvelut.fi\/reittimerkinnat\/files\/2015\/09\/3_2018-Vitriini_Maastoreittien-turvallisuus-t%C3%A4rke%C3%A4%C3%A4-niin-asiakkaalle-kuin-yritt%C3%A4j%C3%A4llekin.pdf\" target=\"_blank\" rel=\"noopener noreferrer\">Maastoreittien turvallisuus t\u00e4rke\u00e4\u00e4 niin asiakkaalle kuin yritt\u00e4j\u00e4llekin<\/a><\/li>\n<li>Kestil\u00e4 Sini , Turvallisuus &amp; Riskienhallinta 28.2.2018:\u00a0<a href=\"https:\/\/blogi.eoppimispalvelut.fi\/reittimerkinnat\/files\/2015\/09\/28.2.2018-TurvallisuusRiskienhallinta-1_2018.pdf\" target=\"_blank\" rel=\"noopener noreferrer\">Lapissa tartuttiin maastoreittien turvallisuuden parantamiseen \u2013 tulokset halutaan k\u00e4ytt\u00f6\u00f6n koko maassa<\/a><\/li>\n<li>Ahola Erkki , Koillismaa 12.5.2017: <a href=\"http:\/\/www.koillissanomat.fi\/uutisetkoillismaa\/kelkkareiteille-myos-laskipyorat--urat-ja-reitit-tarkoitus-muuttaa-moottorikelkkatieksi-6.226.237532.eb42ea2443\" target=\"_blank\" rel=\"noopener noreferrer\">Kelkkareiteille my\u00f6s l\u00e4skipy\u00f6r\u00e4t? \u2013 Urat ja reitit tarkoitus muuttaa moottorikelkkatieksi<\/a><\/li>\n<li>Ahola Erkki , Koillismaa 20.2.2017: <a href=\"http:\/\/www.koillissanomat.fi\/uutisetkoillismaa\/reittimerkinnoissa-parannettavaa-posiolla--paljon-kohennettavaa-turvallisuuden-huomioimisessa-6.226.207714.d8296fc8d0\" target=\"_blank\" rel=\"noopener noreferrer\">Reittimerkinn\u00f6iss\u00e4 parannettavaa Posiolla \u2013 paljon kohennettavaa turvallisuuden huomioimisessa<\/a><\/li>\n<li>Kestil\u00e4 Sini , Uusi Rovaniemi 4.2.2017: <a href=\"https:\/\/blogi.eoppimispalvelut.fi\/reittimerkinnat\/files\/2015\/09\/Kestil%C3%A4-Sini_Uusi-Rovaniemi_lauantaivieras.pdf\" target=\"_blank\" rel=\"noopener noreferrer\">Lauantaivieras: Reittej\u00e4 luontoon, l\u00e4ht\u00f6pisteet hukass<\/a>a<\/li>\n<li>M\u00e4\u00e4tt\u00e4 Kaisu , Me\u00e4n Tornionlaakso 26.1.2017: <a href=\"https:\/\/blogi.eoppimispalvelut.fi\/reittimerkinnat\/files\/2015\/09\/Tornionlaakso-26.1.2017.pdf\" target=\"_blank\" rel=\"noopener noreferrer\">REILA -hankkeessa ty\u00f6 tiivistyy vuoden loppua kohden<\/a><\/li>\n<li>Renko Satu , Kuukkeli 31.10.2017: <a href=\"https:\/\/blogi.eoppimispalvelut.fi\/reittimerkinnat\/files\/2015\/09\/31.10.2017-Kuukkeli_artikkeli.pdf\" target=\"_blank\" rel=\"noopener noreferrer\">Eksym\u00e4tt\u00e4 paras \u2013 turvallisuutta reiteille<\/a><\/li>\n<li>Ahola Erkki , Koillismaa 10.2.2016: <a href=\"https:\/\/blogi.eoppimispalvelut.fi\/reittimerkinnat\/files\/2015\/09\/10.2.2016_Koillismaa_Erkki-Ahola_Posiolla-parannettvaa-reittimerkinn%C3%B6iss%C3%A4.pdf\" target=\"_blank\" rel=\"noopener noreferrer\">\u00a0Posiolla parannettavaa reittimerkinn\u00f6iss\u00e4\u00a0<\/a><\/li>\n<li>Virkkunen Tanja , Enonteki\u00f6n Sanomat 6.10.2016: <a href=\"https:\/\/blogi.eoppimispalvelut.fi\/reittimerkinnat\/files\/2015\/09\/6.10.2016-Enonteki%C3%B6n-Sanomat_l%C3%A4hikuvassa.pdf\" target=\"_blank\" rel=\"noopener noreferrer\">Reittiasiat ajantasalle<\/a><\/li>\n<li>Lapin Kansa 7.11.2015: <a href=\"https:\/\/blogi.eoppimispalvelut.fi\/reittimerkinnat\/files\/2015\/11\/7.11.2015-LK_Sekavat-merkinn%C3%A4t-pois-paikkatietoa-tilalle.pdf\" target=\"_blank\" rel=\"noopener noreferrer\">Sekavat merkinn\u00e4t pois, paikkatietoa tilalle<\/a><\/li>\n<li>Soudunsaari Martti ja Tolppi Reijo , Lapin Kansa 16.6.2016: <a href=\"https:\/\/blogi.eoppimispalvelut.fi\/reittimerkinnat\/files\/2015\/09\/16.6.2016-LK_Tolppi_Soudunsaari.pdf\" target=\"_blank\" rel=\"noopener noreferrer\">Miksi pelastus- ja paikannusmerkki\u00e4 tarvitaan?<\/a><\/li>\n<li>Tolppi Reijo , Lapin Kansa 15.10.2015: <a href=\"https:\/\/blogi.eoppimispalvelut.fi\/reittimerkinnat\/files\/2015\/10\/15.10.2015-LK_Tolpin-kolumni.pdf\" target=\"_blank\" rel=\"noopener noreferrer\">Suunnann\u00e4ytt\u00e4j\u00e4n\u00e4 Lappi<\/a><\/li>\n<li>Virkkunen Tanja , Enonteki\u00f6n Sanomat 28.10.2015: <a href=\"https:\/\/blogi.eoppimispalvelut.fi\/reittimerkinnat\/files\/2015\/11\/Enonteki%C3%B6n-Sanomat-28-10-2015.pdf\" target=\"_blank\" rel=\"noopener noreferrer\">Urat ja reitit reilaan<\/a><\/li>\n<\/ul>\n<h3 class=\"post-title\">Muistiot<\/h3>\n<div class=\"post-content\">\n<h5><strong>Lappi-verkoston kokousmuistiot<br \/>\n<\/strong><\/h5>\n<ul>\n<li><strong>14.8.2018<\/strong> REILA loppuseminaari, <a href=\"https:\/\/youtu.be\/9WjJkHt2Gn0?t=760\" target=\"_blank\" rel=\"noopener noreferrer\">kokousvideo<\/a>\n<ul>\n<li><strong>REILA-hankkeen tulokset<\/strong><br \/>\nLapin AMK\/MTI, Sini Kestil\u00e4\u00a0<a href=\"https:\/\/blogi.eoppimispalvelut.fi\/reittimerkinnat\/files\/2015\/09\/14.8.2018-REILA-esitys.pdf\" target=\"_blank\" rel=\"noopener noreferrer\">esitys pdf<\/a> \/ <a href=\"https:\/\/youtu.be\/9WjJkHt2Gn0?t=9m36s\" target=\"_blank\" rel=\"noopener noreferrer\">kokousvideo<\/a><br \/>\nLapin pelastuslaitos, Pekka V\u00e4liheikki\u00a0 <a href=\"https:\/\/youtu.be\/9WjJkHt2Gn0?t=19m26s\" target=\"_blank\" rel=\"noopener noreferrer\">kokousvideo<\/a><br \/>\nMets\u00e4hallitus, Erkki Ollila\u00a0\u00a0 <a href=\"https:\/\/youtu.be\/9WjJkHt2Gn0?t=35m34s\" target=\"_blank\" rel=\"noopener noreferrer\">kokousvideo<\/a><\/li>\n<li><strong>Pelastus- ja paikannusmerkki osoitej\u00e4rjestelm\u00e4\u00e4n<br \/>\n<\/strong>MML, Paula Ahonen-Rainio <a href=\"https:\/\/blogi.eoppimispalvelut.fi\/reittimerkinnat\/files\/2015\/09\/Ahonen-Rainio-Paula-2018-08-14.pdf\" target=\"_blank\" rel=\"noopener noreferrer\">esitys pdf<\/a> \/ <a href=\"https:\/\/youtu.be\/9WjJkHt2Gn0?t=1h1m41s\" target=\"_blank\" rel=\"noopener noreferrer\">kokousvideo<\/a><\/li>\n<li><strong>Viranomaisn\u00e4k\u00f6kulma maastoreittien <\/strong><strong>turvallisuuteen<br \/>\n<\/strong>Tukes, Mervi Murtonen <a href=\"https:\/\/blogi.eoppimispalvelut.fi\/reittimerkinnat\/files\/2015\/09\/Murtonen-Mervi-REILA_180814.pdf\" target=\"_blank\" rel=\"noopener noreferrer\">esitys pdf<\/a> \/ <a href=\"https:\/\/youtu.be\/9WjJkHt2Gn0?t=2h5m24s\" target=\"_blank\" rel=\"noopener noreferrer\">kokousvideo<\/a><\/li>\n<li><strong>Moottorikelkkailu<br \/>\n<\/strong>Lapin moottorikelkkailijat, Markku Mett\u00e4nen <a href=\"https:\/\/blogi.eoppimispalvelut.fi\/reittimerkinnat\/files\/2015\/09\/Mett%C3%A4nen-Markku-14.08.2018-REILA.pdf\" target=\"_blank\" rel=\"noopener noreferrer\">esitys pdf<\/a> \/ <a href=\"https:\/\/youtu.be\/9WjJkHt2Gn0?t=2h46m26s\" target=\"_blank\" rel=\"noopener noreferrer\">kokousvideo<\/a><br \/>\nTukes, Jaakko Leinonen <a href=\"https:\/\/blogi.eoppimispalvelut.fi\/reittimerkinnat\/files\/2015\/09\/Leinonen-Jaakko-LPM-koulutus.pdf\" target=\"_blank\" rel=\"noopener noreferrer\">esitys pdf<\/a> \/ <a href=\"https:\/\/youtu.be\/9WjJkHt2Gn0?t=2h57m3s\" target=\"_blank\" rel=\"noopener noreferrer\">kokousvideo<\/a><\/li>\n<li><strong>Maastoreittien yll\u00e4pito kunnissa<br \/>\n<\/strong>Rovaniemen kaupunki, Kari Lukkarinen\u00a0 <a href=\"https:\/\/youtu.be\/9WjJkHt2Gn0?t=3h14m46s\" target=\"_blank\" rel=\"noopener noreferrer\">kokousvideo<\/a><br \/>\nSallan kunta, Vesa Haataja <a href=\"https:\/\/youtu.be\/9WjJkHt2Gn0?t=3h30m44s\" target=\"_blank\" rel=\"noopener noreferrer\">kokousvideo<\/a><br \/>\nKolarin kunta, Johanna Koivumaa <a href=\"https:\/\/blogi.eoppimispalvelut.fi\/reittimerkinnat\/files\/2015\/09\/Koivumaa-Johanna-REILA-seminaari-14.8.2018.pdf\" target=\"_blank\" rel=\"noopener noreferrer\">esitys pdf<\/a> \/ <a href=\"https:\/\/youtu.be\/9WjJkHt2Gn0?t=3h40m28s\" target=\"_blank\" rel=\"noopener noreferrer\">kokousvideo<\/a><\/li>\n<\/ul>\n<\/li>\n<\/ul>\n<ul>\n<li><a href=\"https:\/\/blogi.eoppimispalvelut.fi\/reittimerkinnat\/files\/2015\/09\/14.8.2018-muistio_Reittimerkint%C3%A4ohjeistusseminaari.pdf\" target=\"_blank\" rel=\"noopener noreferrer\"><strong>Muistio 18.4.2018<\/strong> REILA reittimerkint\u00e4ohjeistus asiantuntijaseminaari<\/a>, <a href=\"https:\/\/youtu.be\/hV9jbaqPcUw?t=760\" target=\"_blank\" rel=\"noopener noreferrer\">kokousvideo<\/a>\n<ul>\n<li>Mets\u00e4hallitus, Erkki Ollila:\u00a0<a href=\"https:\/\/blogi.eoppimispalvelut.fi\/reittimerkinnat\/files\/2015\/09\/Rovaniemi-18.4.2018-Reittimerkint%C3%A4ohjeistus.pdf\" target=\"_blank\" rel=\"noopener noreferrer\">Turvalliset ja asiakasl\u00e4ht\u00f6iset reittimerkinn\u00e4t ohjeistus<\/a><\/li>\n<li>Yll\u00e4ksen Matkailuyhdistys, Hanna Ylipiessa:\u00a0<a href=\"https:\/\/blogi.eoppimispalvelut.fi\/reittimerkinnat\/files\/2015\/09\/REILA-seminaari-18.4.2018.pdf\" target=\"_blank\" rel=\"noopener noreferrer\">Yll\u00e4s-pilotti<\/a><\/li>\n<\/ul>\n<\/li>\n<\/ul>\n<ul>\n<li><a href=\"https:\/\/blogi.eoppimispalvelut.fi\/reittimerkinnat\/files\/2015\/09\/15.2.2018-muistio_Lipas-tapaaminen.pdf\" target=\"_blank\" rel=\"noopener noreferrer\"><strong>Muistio 15.2.2018<\/strong> Lipas asiantuntijaseminaari<\/a>, <a href=\"https:\/\/youtu.be\/3IXi9Xt7rtU?t=707\" target=\"_blank\" rel=\"noopener noreferrer\">kokousvideo<\/a>\n<ul>\n<li>Jyv\u00e4skyl\u00e4n yliopisto, Kirsi Vehkakoski:\n<ul>\n<li>LIPAS-j\u00e4rjestelm\u00e4n kuulumisia <a href=\"https:\/\/blogi.eoppimispalvelut.fi\/reittimerkinnat\/files\/2015\/09\/Lipas-esitys-2018_reila_Kirsi_Vehkakoski.pdf\" target=\"_blank\" rel=\"noopener noreferrer\">esitys pdf<\/a>\/<a href=\"https:\/\/youtu.be\/3IXi9Xt7rtU?t=806\" target=\"_blank\" rel=\"noopener noreferrer\">kokousvideo<\/a><\/li>\n<\/ul>\n<\/li>\n<\/ul>\n<\/li>\n<\/ul>\n<ul>\n<li><a href=\"https:\/\/blogi.eoppimispalvelut.fi\/reittimerkinnat\/files\/2015\/09\/4.10.2017-Yll%C3%A4s-pilotti-muistio.pdf\" target=\"_blank\" rel=\"noopener noreferrer\"><strong>Muistio 4.10.2017<\/strong> Yll\u00e4s-pilotti katselmus<\/a>\n<ul>\n<li>Mets\u00e4hallitus, Erkki Ollila ja Joel Kauppinen: Pilotin esittely\u00a0<a href=\"https:\/\/blogi.eoppimispalvelut.fi\/reittimerkinnat\/files\/2015\/09\/Katselmus_esitys_4102017.pdf\" target=\"_blank\" rel=\"noopener noreferrer\">esitys<\/a><\/li>\n<\/ul>\n<\/li>\n<\/ul>\n<ul>\n<li><a href=\"https:\/\/blogi.eoppimispalvelut.fi\/reittimerkinnat\/files\/2015\/09\/23.3.2017-Muistio-maatotietokanta-seminaari.pdf\" target=\"_blank\" rel=\"noopener noreferrer\"><strong>Muistio 23.3.2017<\/strong> Kansallinen maastotietokanta-seminaari<\/a>, <a href=\"https:\/\/youtu.be\/ZCX505bzUHI?t=114\" target=\"_blank\" rel=\"noopener noreferrer\">kokousvideo<\/a>\n<ul>\n<li>Maanmittauslaitos, Heli Laaksonen ja Kari Hautam\u00e4ki:\n<ul>\n<li>Kansallinen maastotietokanta (KMTK) \u2013 tulevaisuuden paikkatiedot nyt <a href=\"https:\/\/blogi.eoppimispalvelut.fi\/reittimerkinnat\/files\/2015\/09\/23.3.2017-Laaksonen-Heli-ja-Hautam%C3%A4ki-Kari-Kansallinen-maastotietokanta.pdf\" target=\"_blank\" rel=\"noopener noreferrer\">esitys pdf<\/a>\/ <a href=\"https:\/\/youtu.be\/ZCX505bzUHI?t=219\" target=\"_blank\" rel=\"noopener noreferrer\">kokousvideo<\/a><\/li>\n<\/ul>\n<\/li>\n<li>Maanmittauslaitos, Mari Laakso.\n<ul>\n<li>Paikallistuntemus kartalle \u2013 kansalaisten osallistaminen maastotiedon keruuseen <a href=\"https:\/\/blogi.eoppimispalvelut.fi\/reittimerkinnat\/files\/2015\/09\/23.3.2017-Laakso-Mari_Paikallistuntemus-kartalle-kansalaisten-osallistaminen-maastotiedon-keruuseen.pdf\" target=\"_blank\" rel=\"noopener noreferrer\">esitys pdf<\/a>\/<a href=\"https:\/\/youtu.be\/ZCX505bzUHI?t=6493\" target=\"_blank\" rel=\"noopener noreferrer\">kokousvideo<\/a><\/li>\n<\/ul>\n<\/li>\n<\/ul>\n<\/li>\n<\/ul>\n<ul>\n<li><a href=\"https:\/\/blogi.eoppimispalvelut.fi\/reittimerkinnat\/files\/2015\/09\/Muistio-1.3.2017-Reittien-monik%C3%A4ytt%C3%B6-ja-vastuukysymykset-seminaari.pdf\" target=\"_blank\" rel=\"noopener noreferrer\"><strong>Muistio 1.3.2017<\/strong> Reittien monik\u00e4ytt\u00f6 ja vastuukysymykset-seminaari<\/a>,\u00a0<a href=\"https:\/\/youtu.be\/fGcCk0ycCfI?t=245\" target=\"_blank\" rel=\"noopener noreferrer\">kokousvideo<\/a>\n<ul>\n<li>Suomen Latu, Tiina Riikonen:\n<ul>\n<li>REILA monik\u00e4ytt\u00f6selvityksen sis\u00e4lt\u00f6\u00e4 ja taustoja <a href=\"https:\/\/blogi.eoppimispalvelut.fi\/reittimerkinnat\/files\/2015\/09\/Monik%C3%A4ytt%C3%B6_taustaa-Rovaniemi_Riikonen.pdf\" target=\"_blank\" rel=\"noopener noreferrer\">esitys pdf<\/a>\/\u00a0<a href=\"https:\/\/youtu.be\/fGcCk0ycCfI?t=407\" target=\"_blank\" rel=\"noopener noreferrer\">kokousvideo<\/a><\/li>\n<li>Reittien monik\u00e4ytt\u00f6 ja vastuukysymykset <a href=\"https:\/\/blogi.eoppimispalvelut.fi\/reittimerkinnat\/files\/2015\/09\/Monik%C3%A4ytt%C3%B6_vastuut_Reila_Rovaniemi_01-03-2017.pdf\" target=\"_blank\" rel=\"noopener noreferrer\">esitys pdf<\/a>\u00a0\/ <a href=\"https:\/\/youtu.be\/fGcCk0ycCfI?t=2483\" target=\"_blank\" rel=\"noopener noreferrer\">kokousvideo 1<\/a>\u00a0\/ <a href=\"https:\/\/youtu.be\/fGcCk0ycCfI?t=7449\" target=\"_blank\" rel=\"noopener noreferrer\">kokousvideo 2<\/a><\/li>\n<\/ul>\n<\/li>\n<\/ul>\n<\/li>\n<\/ul>\n<ul>\n<li><strong><a href=\"https:\/\/blogi.eoppimispalvelut.fi\/reittimerkinnat\/files\/2015\/09\/12.1.2017-Muistio.pdf\" target=\"_blank\" rel=\"noopener noreferrer\">Muistio 12.1.2017 \u00a0<\/a><\/strong><a href=\"https:\/\/blogi.eoppimispalvelut.fi\/reittimerkinnat\/files\/2015\/09\/12.1.2017-Muistio.pdf\" target=\"_blank\" rel=\"noopener noreferrer\">Sodankyl\u00e4n ty\u00f6paja:<\/a><a href=\"https:\/\/blogi.eoppimispalvelut.fi\/reittimerkinnat\/files\/2015\/09\/12.1.2017-Muistio.pdf\" target=\"_blank\" rel=\"noopener noreferrer\"> reittimerkinn\u00e4<\/a><a href=\"https:\/\/blogi.eoppimispalvelut.fi\/reittimerkinnat\/files\/2015\/09\/12.1.2017-Muistio.pdf\" target=\"_blank\" rel=\"noopener noreferrer\">t<\/a>\n<ul>\n<li>Suomen Latu, Tiina Riikonen: <a href=\"https:\/\/blogi.eoppimispalvelut.fi\/reittimerkinnat\/files\/2015\/09\/Monik%C3%A4ytt%C3%B6esitys_Pakattu.pdf\" target=\"_blank\" rel=\"noopener noreferrer\">Monik\u00e4ytt\u00f6esitys<\/a><\/li>\n<\/ul>\n<\/li>\n<\/ul>\n<ul>\n<li><a href=\"https:\/\/blogi.eoppimispalvelut.fi\/reittimerkinnat\/files\/2015\/09\/REILA_muistio-12.5.20161.pdf\"><strong>Muistio 12.5.2016<\/strong> Rovaniemi Lappi-verkosto,<\/a> <a href=\"https:\/\/www.youtube.com\/watch?v=5vQcpZgw5Mo\" target=\"_blank\" rel=\"noopener noreferrer\">kokousvideo<\/a>\n<ul>\n<li>Suomen Latu, Anne Rautiainen: Ulkoilureitit ja niiden k\u00e4ytt\u00f6, Jokamiehenoikeudet <a href=\"https:\/\/blogi.eoppimispalvelut.fi\/reittimerkinnat\/files\/2015\/09\/Reila-5_2016-ulkoilureitit-seminaari.pdf\" target=\"_blank\" rel=\"noopener noreferrer\">esitys pdf<\/a>\u00a0\/\u00a0<a href=\"https:\/\/youtu.be\/5vQcpZgw5Mo?t=302\" target=\"_blank\" rel=\"noopener noreferrer\">kokousvideo<\/a><\/li>\n<li>Lapin ELY-keskus, Pekka Herva: Ulkoilureittisuunnitelmat ja reittiturvallisuus <a href=\"https:\/\/blogi.eoppimispalvelut.fi\/reittimerkinnat\/files\/2015\/09\/Ulkoilu_ELY2esityspohja16.pdf\" target=\"_blank\" rel=\"noopener noreferrer\">esitys pdf<\/a>\u00a0\/\u00a0<a href=\"https:\/\/youtu.be\/5vQcpZgw5Mo?t=5642\" target=\"_blank\" rel=\"noopener noreferrer\">kokousvideo<\/a><\/li>\n<li>Santasport, Heikki St\u00f6ckell: N\u00e4k\u00f6kulmia lihasvoimin liikuttavien luontoreittien opastamiseen matkailukaupungissa\u00a0<a href=\"https:\/\/blogi.eoppimispalvelut.fi\/reittimerkinnat\/files\/2015\/09\/N%C3%A4k%C3%B6kulmia-luontoreittien-opastamiseen-matkailukaupungissa.pdf\" target=\"_blank\" rel=\"noopener noreferrer\">esitys pdf<\/a>\u00a0\/\u00a0<a href=\"https:\/\/youtu.be\/5vQcpZgw5Mo?t=7807\" target=\"_blank\" rel=\"noopener noreferrer\">kokousvideo<\/a><\/li>\n<li>Tukes, Kaarina K\u00e4rn\u00e4: Ulkoilureitit kuluttajaturvallisuusn\u00e4k\u00f6kulmasta\u00a0<a href=\"https:\/\/blogi.eoppimispalvelut.fi\/reittimerkinnat\/files\/2015\/09\/REILA_12052016_Kuluttajaturvallisuuslaki-ja-ulkoilureitit.pdf\" target=\"_blank\" rel=\"noopener noreferrer\">esitys pdf<\/a>\u00a0\/ <a href=\"https:\/\/youtu.be\/5vQcpZgw5Mo?t=9780\" target=\"_blank\" rel=\"noopener noreferrer\">kokousvideo<\/a><\/li>\n<li>Mets\u00e4hallitus, Erkki Ollila: Yhteenveto <a href=\"https:\/\/youtu.be\/5vQcpZgw5Mo?t=11552\" target=\"_blank\" rel=\"noopener noreferrer\">kokousvideo<\/a><\/li>\n<\/ul>\n<\/li>\n<\/ul>\n<ul>\n<li><a href=\"https:\/\/blogi.eoppimispalvelut.fi\/reittimerkinnat\/files\/2015\/09\/24.2.2016-REILA_Ylitornio_muistio.pdf\" rel=\"\"><strong>Muistio_24.2.2016<\/strong>_Ylitornio_reittimerkint\u00f6jen ty\u00f6paja<\/a>\n<ul>\n<li>REILA, esitys Liikenne- ja viestint\u00e4ministeri\u00f6lle, prosessikuvaus <a href=\"https:\/\/blogi.eoppimispalvelut.fi\/reittimerkinnat\/files\/2015\/09\/REILA-Esitys-pelastus-ja-paikannusmerkiksi-_prosessi.pdf\" rel=\"\">Esitys<\/a><\/li>\n<li>H\u00e4t\u00e4keskuslaitos <a href=\"https:\/\/blogi.eoppimispalvelut.fi\/reittimerkinnat\/files\/2015\/09\/OULU-H%C3%84KE-Reila-2_2016.pdf\" rel=\"\">Esitys<\/a><\/li>\n<li>Kelkkareitin paikannuspiste, Kittil\u00e4 <a href=\"https:\/\/blogi.eoppimispalvelut.fi\/reittimerkinnat\/files\/2015\/09\/Kelkkareitin-paikannuspiste-kittil%C3%A4.pdf\" rel=\"\">Esitys<\/a><\/li>\n<li>Pelastus- ja paikannusmerkki, ty\u00f6pajojen tulokset <a href=\"https:\/\/blogi.eoppimispalvelut.fi\/reittimerkinnat\/files\/2015\/09\/Ylitornio-24.2.2016-ty%C3%B6pajojen-tulokset_taulukko.pdf\" rel=\"\">Taulukko<\/a><\/li>\n<li>Mets\u00e4hallitus, Erkki Ollila <a href=\"https:\/\/blogi.eoppimispalvelut.fi\/reittimerkinnat\/files\/2015\/09\/Eki-Reittimerkinn%C3%A4t-24.2.2016.pdf\" rel=\"\">Esitys<\/a><\/li>\n<li>K\u00e4ytt\u00e4j\u00e4n\u00e4k\u00f6kulma reittimerkint\u00f6ihin, Maarit Timonen <a href=\"https:\/\/blogi.eoppimispalvelut.fi\/reittimerkinnat\/files\/2015\/09\/K%C3%A4ytt%C3%A4j%C3%A4n%C3%A4k%C3%B6kulma-reittimerkint%C3%A4%C3%A4n.pdf\" rel=\"\">Esitys<\/a><\/li>\n<li>Muut merkinn\u00e4t, ty\u00f6pajojen tulokset <a href=\"https:\/\/blogi.eoppimispalvelut.fi\/reittimerkinnat\/files\/2015\/09\/Ty%C3%B6pajan-tulokset-muut-merkinn%C3%A4t_Ylitornio-24.2.2016.pdf\" rel=\"\">Esitys<\/a><\/li>\n<\/ul>\n<\/li>\n<\/ul>\n<ul>\n<li><a href=\"https:\/\/blogi.eoppimispalvelut.fi\/reittimerkinnat\/files\/2016\/01\/10.12.2015_Lappi-verkoston-kokous_muistio.pdf\" target=\"_blank\" rel=\"noopener noreferrer\"><strong>Muistio 10.12.2015<\/strong> Rovaniemi Lappi-verkosto<\/a>\u00a0,\u00a0<a href=\"https:\/\/www.youtube.com\/watch?v=_pXZK7pScUE\" target=\"_blank\" rel=\"noopener noreferrer\">kokousvideo\u00a0<\/a>\n<ul>\n<li>Maanmittauslaitos, esittely, Timo Kuismin,\u00a0<a href=\"https:\/\/blogi.eoppimispalvelut.fi\/reittimerkinnat\/files\/2016\/01\/Maanmittauslaitos_esittely_Kuismin.pdf\">esitys pdf<\/a>\u00a0\/\u00a0<a href=\"https:\/\/youtu.be\/_pXZK7pScUE?t=20m00s\" target=\"_blank\" rel=\"noopener noreferrer\">kokousvideo\u00a0<\/a><\/li>\n<li>Maanmittauslaitos, reittitoimitukset, Harri M\u00e4ki:,\u00a0<a href=\"https:\/\/blogi.eoppimispalvelut.fi\/reittimerkinnat\/files\/2016\/01\/Reittitoimitukset_M%C3%A4ki.pdf\">esitys pdf<\/a> \/ <a href=\"https:\/\/blogi.eoppimispalvelut.fi\/reittimerkinnat\/files\/2016\/01\/P%C3%B6yt%C3%A4kirja-reittitoimituksesta_esimerkki_M%C3%A4ki.pdf\">esitys pdf<\/a>\u00a0\/\u00a0<a href=\"https:\/\/youtu.be\/_pXZK7pScUE?t=29m55s\" target=\"_blank\" rel=\"noopener noreferrer\">kokousvideo<\/a><\/li>\n<li>Liikenneturva, Petri Niska,\u00a0<a href=\"https:\/\/blogi.eoppimispalvelut.fi\/reittimerkinnat\/files\/2016\/01\/Maastoliikenneonnettomuudet_Niska.pdf\" target=\"_blank\" rel=\"noopener noreferrer\">esitys pdf<\/a> \/ <a href=\"https:\/\/blogi.eoppimispalvelut.fi\/reittimerkinnat\/files\/2016\/01\/Uudet-s%C3%A4hk%C3%B6iset-liikkumisv%C3%A4lineet_Niska.pdf\">esitys pdf<\/a> \/\u00a0<a href=\"https:\/\/youtu.be\/_pXZK7pScUE?t=1h05m00s\" target=\"_blank\" rel=\"noopener noreferrer\">kokousvideo<\/a><\/li>\n<li>Lapin Moottorikelkkailijat ry, \u00a0k\u00e4ytt\u00e4j\u00e4kokemuksia, Markku\u00a0Mett\u00e4nen,\u00a0<a href=\"https:\/\/blogi.eoppimispalvelut.fi\/reittimerkinnat\/files\/2016\/01\/Vapaa-ajankelkkailijan-n%C3%A4kemyksi%C3%A4_Mett%C3%A4nen.pdf\">esitys pdf\u00a0<\/a>\/\u00a0<a href=\"https:\/\/youtu.be\/_pXZK7pScUE?t=1h30m10s\" target=\"_blank\" rel=\"noopener noreferrer\">kokousvideo<\/a><\/li>\n<li>MTI, Vesa Koivumaa ja Aleksi Latvala, <a href=\"https:\/\/blogi.eoppimispalvelut.fi\/reittimerkinnat\/files\/2016\/01\/Riski-MindMap-3.0.png\">esitys jpg<\/a> \/ <a href=\"https:\/\/youtu.be\/_pXZK7pScUE?t=1h55m40s\" target=\"_blank\" rel=\"noopener noreferrer\">kokousvideo<\/a><\/li>\n<li>Mets\u00e4hallitus, Hannaleena (M\u00e4ki-Pet\u00e4ys) Aarnio, <a href=\"https:\/\/blogi.eoppimispalvelut.fi\/reittimerkinnat\/files\/2016\/01\/Maastoliikenteen-nykytila-ja-kehitt%C3%A4minen_M%C3%A4ki-Pet%C3%A4ys.pdf\">esitys pdf<\/a> \/ <a href=\"https:\/\/youtu.be\/_pXZK7pScUE?t=2h25m30s\" target=\"_blank\" rel=\"noopener noreferrer\">kokousvideo<\/a><\/li>\n<\/ul>\n<\/li>\n<\/ul>\n<ul>\n<li><a href=\"https:\/\/blogi.eoppimispalvelut.fi\/reittimerkinnat\/files\/2015\/10\/13.10.2015-REILA_Lappi-toimijoiden-kokous_muistio.pdf\" target=\"_blank\" rel=\"noopener noreferrer\"><strong>Muistio 13.10.2015<\/strong> Rovaniemi Lappi-verkosto<\/a> , <a href=\"https:\/\/youtu.be\/aby2U-vZ1_A\" target=\"_blank\" rel=\"noopener noreferrer\">kokousvideo <\/a>\n<ul>\n<li>Mets\u00e4hallitus, Erkki Ollila, <a href=\"https:\/\/blogi.eoppimispalvelut.fi\/reittimerkinnat\/files\/2015\/10\/13.10.2015_REILA_Mets%C3%A4hallitus_Erkki_Ollila.pdf\" target=\"_blank\" rel=\"noopener noreferrer\">esitys pdf<\/a> \/ <a href=\"https:\/\/youtu.be\/aby2U-vZ1_A?t=23m55s\" target=\"_blank\" rel=\"noopener noreferrer\">kokousvideo <\/a><\/li>\n<li>Lapin Pelastuslaitos, Pekka V\u00e4liheikki, <a href=\"https:\/\/blogi.eoppimispalvelut.fi\/reittimerkinnat\/files\/2015\/10\/13.10.2015_REILA_Lapin_Pelastuslaitos_Pekka_V%C3%A4liheikki.pdf\" target=\"_blank\" rel=\"noopener noreferrer\">esitys pdf <\/a>\/ <a href=\"https:\/\/youtu.be\/aby2U-vZ1_A?t=45m56s\" target=\"_blank\" rel=\"noopener noreferrer\">kokousvideo<\/a><\/li>\n<li>Lapin ELY-keskus, Pekka Herva, <a href=\"https:\/\/blogi.eoppimispalvelut.fi\/reittimerkinnat\/files\/2015\/10\/13.10.2015_REILA_Lapin-ELY-keskus_Pekka_Herva.pdf\" target=\"_blank\" rel=\"noopener noreferrer\">esitys pdf<\/a> \/ <a href=\"https:\/\/youtu.be\/aby2U-vZ1_A?t=1h11m11s\" target=\"_blank\" rel=\"noopener noreferrer\">kokousvideo<\/a><\/li>\n<li>Lapin amk\/MTI, Aleksi Latvala, <a href=\"https:\/\/blogi.eoppimispalvelut.fi\/reittimerkinnat\/files\/2015\/10\/13.10.2015-REILA-kokous_Kuntaprosessi-Latvala_Koivumaa.pdf\" target=\"_blank\" rel=\"noopener noreferrer\">esitys pdf<\/a> \/ <a href=\"https:\/\/youtu.be\/aby2U-vZ1_A?t=1h43m10s\" target=\"_blank\" rel=\"noopener noreferrer\">kokousvideo<\/a><\/li>\n<\/ul>\n<\/li>\n<\/ul>\n<ul>\n<li><a href=\"https:\/\/blogi.eoppimispalvelut.fi\/reittimerkinnat\/files\/2015\/10\/REILA_muistio_17-6-2015-AL.pdf\" target=\"_blank\" rel=\"noopener noreferrer\"><strong>Muistio 17.6.2015<\/strong> Rovaniemi Lappi-verkosto<\/a><\/li>\n<\/ul>\n<\/div>\n","protected":false},"excerpt":{"rendered":"<p>Reittimerkint\u00e4ohjeistus: Turvallinen ja asiakasl\u00e4ht\u00f6inen opastekokonaisuus\u00a0 Turvallisuusasiakirja maastoreiteille Turvallisuusasiakirja maastoreiteille Oppaat ja suositukset: Kuntaliitto: Kunnan osoitej\u00e4rjestelm\u00e4. Ohjeet ja suositus Lapin liitto: Selvitysraportti moottorikelkkailun aluetaloudelliset vaikutukset Liikenneturva:\u00a0Autolla Suomessa -esite 2018 Liikenneturva: Moottorikelkkaopas_2016 Mets\u00e4hallitus: Hyv\u00e4n viitoittamisen perusteet Mets\u00e4hallitus: Asiakasturvallisuus luontopalveluissa_2015 p\u00e4ivitetty_Mets\u00e4hallitus Suomen kuntaliitto: &hellip; <a href=\"https:\/\/blogi.eoppimispalvelut.fi\/reittimerkit\/2018\/02\/26\/materiaalipankki\/\">Continue reading <span class=\"meta-nav\">&rarr;<\/span><\/a><\/p>\n","protected":false},"author":1613,"featured_media":0,"comment_status":"closed","ping_status":"closed","sticky":false,"template":"","format":"standard","meta":{"footnotes":""},"categories":[41764],"tags":[],"class_list":["post-102","post","type-post","status-publish","format-standard","hentry","category-yleinen"],"_links":{"self":[{"href":"https:\/\/blogi.eoppimispalvelut.fi\/reittimerkit\/wp-json\/wp\/v2\/posts\/102","targetHints":{"allow":["GET"]}}],"collection":[{"href":"https:\/\/blogi.eoppimispalvelut.fi\/reittimerkit\/wp-json\/wp\/v2\/posts"}],"about":[{"href":"https:\/\/blogi.eoppimispalvelut.fi\/reittimerkit\/wp-json\/wp\/v2\/types\/post"}],"author":[{"embeddable":true,"href":"https:\/\/blogi.eoppimispalvelut.fi\/reittimerkit\/wp-json\/wp\/v2\/users\/1613"}],"replies":[{"embeddable":true,"href":"https:\/\/blogi.eoppimispalvelut.fi\/reittimerkit\/wp-json\/wp\/v2\/comments?post=102"}],"version-history":[{"count":40,"href":"https:\/\/blogi.eoppimispalvelut.fi\/reittimerkit\/wp-json\/wp\/v2\/posts\/102\/revisions"}],"predecessor-version":[{"id":875,"href":"https:\/\/blogi.eoppimispalvelut.fi\/reittimerkit\/wp-json\/wp\/v2\/posts\/102\/revisions\/875"}],"wp:attachment":[{"href":"https:\/\/blogi.eoppimispalvelut.fi\/reittimerkit\/wp-json\/wp\/v2\/media?parent=102"}],"wp:term":[{"taxonomy":"category","embeddable":true,"href":"https:\/\/blogi.eoppimispalvelut.fi\/reittimerkit\/wp-json\/wp\/v2\/categories?post=102"},{"taxonomy":"post_tag","embeddable":true,"href":"https:\/\/blogi.eoppimispalvelut.fi\/reittimerkit\/wp-json\/wp\/v2\/tags?post=102"}],"curies":[{"name":"wp","href":"https:\/\/api.w.org\/{rel}","templated":true}]}}